{"id":34462,"date":"2026-09-03T11:37:34","date_gmt":"2026-09-03T14:37:34","guid":{"rendered":"https:\/\/acontecenafronteira.com.br\/?p=34462"},"modified":"2026-09-03T11:37:34","modified_gmt":"2026-09-03T14:37:34","slug":"parana-pesquisas-sergio-moro-lidera-com-45","status":"publish","type":"post","link":"https:\/\/acontecenafronteira.com.br\/index.php\/2026\/09\/03\/parana-pesquisas-sergio-moro-lidera-com-45\/","title":{"rendered":"Paran\u00e1 Pesquisas: Sergio Moro lidera com 45%"},"content":{"rendered":"<p>O cen\u00e1rio pol\u00edtico estadual sofreu novas movimenta\u00e7\u00f5es com a divulga\u00e7\u00e3o, nesta quinta-feira (3), de um levantamento in\u00e9dito realizado pelo instituto <strong>Paran\u00e1 Pesquisas<\/strong>. Os dados apontam que o ex-juiz e atual senador <strong>Sergio Moro<\/strong> aparece na ponta da corrida eleitoral pelo comando do Pal\u00e1cio Igua\u00e7u, concentrando 45% da prefer\u00eancia do eleitorado.<\/p>\n<h2>Cen\u00e1rio da corrida eleitoral no estado<\/h2>\n<p>O estudo detalha a inten\u00e7\u00e3o de votos para o Pal\u00e1cio Igua\u00e7u, consolidando o nome de Moro na lideran\u00e7a isolada entre os potenciais candidatos ao <strong>governo do Paran\u00e1<\/strong>. A pesquisa mapeou diferentes cen\u00e1rios para medir a for\u00e7a pol\u00edtica das principais lideran\u00e7as regionais de olho no pleito futuro.<\/p>\n<h2>Metodologia e divulga\u00e7\u00e3o dos dados<\/h2>\n<p>A sondagem foi tornada p\u00fablica nesta quinta-feira (3) e traz um raio-X completo sobre a prefer\u00eancia dos eleitores paranaenses. O levantamento \u00e9 considerado um term\u00f4metro importante para avaliar a movimenta\u00e7\u00e3o dos partidos pol\u00edticos e a aceita\u00e7\u00e3o dos nomes cotados para a disputa majorit\u00e1ria.<\/p>\n<p>A corrida eleitoral estadual promete ser acirrada, e os pr\u00f3ximos meses devem registrar novas articula\u00e7\u00f5es partid\u00e1rias em busca de alian\u00e7as e fortalecimento de palanques regionais.<\/p>\n<p>Por Reda\u00e7\u00e3o Acontece<\/p>\n<p>Cr\u00e9ditos da imagem: Divulga\u00e7\u00e3o \/ Paran\u00e1 Pesquisas<\/p>\n","protected":false},"excerpt":{"rendered":"<p>O cen\u00e1rio pol\u00edtico estadual sofreu novas movimenta\u00e7\u00f5es com a divulga\u00e7\u00e3o, nesta quinta-feira (3), de um levantamento in\u00e9dito realizado pelo instituto Paran\u00e1 Pesquisas. Os dados apontam que o ex-juiz e atual senador Sergio Moro aparece na ponta da corrida eleitoral pelo comando do Pal\u00e1cio Igua\u00e7u, concentrando 45% da prefer\u00eancia do eleitorado. Cen\u00e1rio da corrida eleitoral no [&hellip;]<\/p>\n","protected":false},"author":0,"featured_media":34468,"comment_status":"open","ping_status":"open","sticky":false,"template":"","format":"standard","meta":{"footnotes":""},"categories":[18],"tags":[],"class_list":["post-34462","post","type-post","status-publish","format-standard","has-post-thumbnail","hentry","category-parana"],"_links":{"self":[{"href":"https:\/\/acontecenafronteira.com.br\/index.php\/wp-json\/wp\/v2\/posts\/34462","targetHints":{"allow":["GET"]}}],"collection":[{"href":"https:\/\/acontecenafronteira.com.br\/index.php\/wp-json\/wp\/v2\/posts"}],"about":[{"href":"https:\/\/acontecenafronteira.com.br\/index.php\/wp-json\/wp\/v2\/types\/post"}],"replies":[{"embeddable":true,"href":"https:\/\/acontecenafronteira.com.br\/index.php\/wp-json\/wp\/v2\/comments?post=34462"}],"version-history":[{"count":1,"href":"https:\/\/acontecenafronteira.com.br\/index.php\/wp-json\/wp\/v2\/posts\/34462\/revisions"}],"predecessor-version":[{"id":34467,"href":"https:\/\/acontecenafronteira.com.br\/index.php\/wp-json\/wp\/v2\/posts\/34462\/revisions\/34467"}],"wp:featuredmedia":[{"embeddable":true,"href":"https:\/\/acontecenafronteira.com.br\/index.php\/wp-json\/wp\/v2\/media\/34468"}],"wp:attachment":[{"href":"https:\/\/acontecenafronteira.com.br\/index.php\/wp-json\/wp\/v2\/media?parent=34462"}],"wp:term":[{"taxonomy":"category","embeddable":true,"href":"https:\/\/acontecenafronteira.com.br\/index.php\/wp-json\/wp\/v2\/categories?post=34462"},{"taxonomy":"post_tag","embeddable":true,"href":"https:\/\/acontecenafronteira.com.br\/index.php\/wp-json\/wp\/v2\/tags?post=34462"}],"curies":[{"name":"wp","href":"https:\/\/api.w.org\/{rel}","templated":true}]}}