{"id":34441,"date":"2026-09-03T10:37:33","date_gmt":"2026-09-03T13:37:33","guid":{"rendered":"https:\/\/acontecenafronteira.com.br\/?p=34441"},"modified":"2026-09-03T10:37:33","modified_gmt":"2026-09-03T13:37:33","slug":"pm-monta-base-na-zona-sudoeste-do-rio-apos-guerra-de-faccoes","status":"publish","type":"post","link":"https:\/\/acontecenafronteira.com.br\/index.php\/2026\/09\/03\/pm-monta-base-na-zona-sudoeste-do-rio-apos-guerra-de-faccoes\/","title":{"rendered":"PM monta base na Zona Sudoeste do Rio ap\u00f3s guerra de fac\u00e7\u00f5es"},"content":{"rendered":"<p>Uma base avan\u00e7ada do Batalh\u00e3o de Opera\u00e7\u00f5es Especiais foi instalada nesta sexta-feira em uma regi\u00e3o de mata na Zona Sudoeste do Rio de Janeiro. A medida ocorre dias ap\u00f3s um final de semana marcado por violentos confrontos que resultaram em quatro \u00f3bitos, al\u00e9m do sequestro de \u00f4nibus utilizados como barricadas por criminosos.<\/p>\n<h2>Estrat\u00e9gia contra o crime organizado<\/h2>\n<p>O acampamento estrat\u00e9gico foi montado estrategicamente entre as comunidades de Rio das Pedras e da Muzema, pr\u00f3ximo ao Corredor do Itanhang\u00e1. A opera\u00e7\u00e3o, que n\u00e3o possui prazo para ser encerrada, tem como principal objetivo sufocar a disputa territorial entre fac\u00e7\u00f5es rivais e mil\u00edcias na regi\u00e3o.<\/p>\n<p>A estrutura policial serve como ponto de apoio para o patrulhamento ostensivo, permitindo que os agentes controlem trilhas clandestinas utilizadas por criminosos para invadir \u00e1reas rivais em Jacarepagu\u00e1, Gard\u00eania Azul, Curicica e Taquara.<\/p>\n<h2>Apreens\u00f5es e refor\u00e7o na seguran\u00e7a<\/h2>\n<p>Al\u00e9m da tropa de elite da Pol\u00edcia Militar, equipes do Comando de Opera\u00e7\u00f5es Especiais e dos batalh\u00f5es de Jacarepagu\u00e1 e Recreio dos Bandeirantes participam das a\u00e7\u00f5es de conten\u00e7\u00e3o e retomada da ordem p\u00fablica.<\/p>\n<p>Em uma incurs\u00e3o recente na comunidade Tijuquinha, agentes apreenderam um verdadeiro arsenal de guerra, incluindo carabina, espingarda, pistolas e diversos carregadores, embora nenhuma pris\u00e3o tenha sido efetuada no local.<\/p>\n<p>Por Reda\u00e7\u00e3o Acontece<\/p>\n<p>Foto: Divulga\u00e7\u00e3o \/ Pol\u00edcia Militar<\/p>\n","protected":false},"excerpt":{"rendered":"<p>Uma base avan\u00e7ada do Batalh\u00e3o de Opera\u00e7\u00f5es Especiais foi instalada nesta sexta-feira em uma regi\u00e3o de mata na Zona Sudoeste do Rio de Janeiro. A medida ocorre dias ap\u00f3s um final de semana marcado por violentos confrontos que resultaram em quatro \u00f3bitos, al\u00e9m do sequestro de \u00f4nibus utilizados como barricadas por criminosos. Estrat\u00e9gia contra o [&hellip;]<\/p>\n","protected":false},"author":0,"featured_media":34448,"comment_status":"open","ping_status":"open","sticky":false,"template":"","format":"standard","meta":{"footnotes":""},"categories":[28],"tags":[],"class_list":["post-34441","post","type-post","status-publish","format-standard","has-post-thumbnail","hentry","category-mundo"],"_links":{"self":[{"href":"https:\/\/acontecenafronteira.com.br\/index.php\/wp-json\/wp\/v2\/posts\/34441","targetHints":{"allow":["GET"]}}],"collection":[{"href":"https:\/\/acontecenafronteira.com.br\/index.php\/wp-json\/wp\/v2\/posts"}],"about":[{"href":"https:\/\/acontecenafronteira.com.br\/index.php\/wp-json\/wp\/v2\/types\/post"}],"replies":[{"embeddable":true,"href":"https:\/\/acontecenafronteira.com.br\/index.php\/wp-json\/wp\/v2\/comments?post=34441"}],"version-history":[{"count":1,"href":"https:\/\/acontecenafronteira.com.br\/index.php\/wp-json\/wp\/v2\/posts\/34441\/revisions"}],"predecessor-version":[{"id":34447,"href":"https:\/\/acontecenafronteira.com.br\/index.php\/wp-json\/wp\/v2\/posts\/34441\/revisions\/34447"}],"wp:featuredmedia":[{"embeddable":true,"href":"https:\/\/acontecenafronteira.com.br\/index.php\/wp-json\/wp\/v2\/media\/34448"}],"wp:attachment":[{"href":"https:\/\/acontecenafronteira.com.br\/index.php\/wp-json\/wp\/v2\/media?parent=34441"}],"wp:term":[{"taxonomy":"category","embeddable":true,"href":"https:\/\/acontecenafronteira.com.br\/index.php\/wp-json\/wp\/v2\/categories?post=34441"},{"taxonomy":"post_tag","embeddable":true,"href":"https:\/\/acontecenafronteira.com.br\/index.php\/wp-json\/wp\/v2\/tags?post=34441"}],"curies":[{"name":"wp","href":"https:\/\/api.w.org\/{rel}","templated":true}]}}