{"id":34439,"date":"2026-09-03T10:37:14","date_gmt":"2026-09-03T13:37:14","guid":{"rendered":"https:\/\/acontecenafronteira.com.br\/?p=34439"},"modified":"2026-09-03T10:37:14","modified_gmt":"2026-09-03T13:37:14","slug":"jt-express-lanca-projeto-decola-para-jovens-talentos","status":"publish","type":"post","link":"https:\/\/acontecenafronteira.com.br\/index.php\/2026\/09\/03\/jt-express-lanca-projeto-decola-para-jovens-talentos\/","title":{"rendered":"J&amp;T Express lan\u00e7a Projeto Decola para jovens talentos"},"content":{"rendered":"<p>Com o objetivo de impulsionar a forma\u00e7\u00e3o de novos profissionais, a <strong>J&amp;T Express<\/strong> iniciou em agosto o <strong>Projeto Decola<\/strong>, uma iniciativa voltada para estagi\u00e1rios e jovens aprendizes no setor de <strong>log\u00edstica<\/strong> e e-commerce.<\/p>\n<h2>Como funciona o programa de capacita\u00e7\u00e3o<\/h2>\n<p>A iniciativa une aprendizado te\u00f3rico e viv\u00eancia pr\u00e1tica, possibilitando que os participantes compreendam a din\u00e2mica operacional da <strong>empresa de entregas<\/strong> e conectem os estudos acad\u00eamicos \u00e0s demandas reais do mercado de trabalho.<\/p>\n<h2>Primeira fase no Centro-Oeste e planos de expans\u00e3o<\/h2>\n<p>Neste momento inicial, 25 estudantes foram beneficiados pela a\u00e7\u00e3o, fruto de uma parceria com o <strong>Instituto Federal de Bras\u00edlia (IFB)<\/strong>, no campus Gama (DF), e com o <strong>Sest Senat<\/strong> de Luzi\u00e2nia (GO). Ap\u00f3s essa estreia regional, a companhia planeja levar o projeto para diferentes estados brasileiros.<\/p>\n<p>Segundo Cunchao Wang, gerente regional da corpora\u00e7\u00e3o, a proposta vai al\u00e9m de um simples recrutamento. A meta \u00e9 construir parcerias duradouras com escolas e universidades, formando um fluxo constante para reter talentos e fortalecer a marca empregadora nas comunidades atendidas.<\/p>\n<p>Por Reda\u00e7\u00e3o Acontece<\/p>\n<p>Cr\u00e9ditos da imagem: Divulga\u00e7\u00e3o \/ J&amp;T Express<\/p>\n","protected":false},"excerpt":{"rendered":"<p>Com o objetivo de impulsionar a forma\u00e7\u00e3o de novos profissionais, a J&amp;T Express iniciou em agosto o Projeto Decola, uma iniciativa voltada para estagi\u00e1rios e jovens aprendizes no setor de log\u00edstica e e-commerce. Como funciona o programa de capacita\u00e7\u00e3o A iniciativa une aprendizado te\u00f3rico e viv\u00eancia pr\u00e1tica, possibilitando que os participantes compreendam a din\u00e2mica operacional [&hellip;]<\/p>\n","protected":false},"author":0,"featured_media":34444,"comment_status":"open","ping_status":"open","sticky":false,"template":"","format":"standard","meta":{"footnotes":""},"categories":[28],"tags":[],"class_list":["post-34439","post","type-post","status-publish","format-standard","has-post-thumbnail","hentry","category-mundo"],"_links":{"self":[{"href":"https:\/\/acontecenafronteira.com.br\/index.php\/wp-json\/wp\/v2\/posts\/34439","targetHints":{"allow":["GET"]}}],"collection":[{"href":"https:\/\/acontecenafronteira.com.br\/index.php\/wp-json\/wp\/v2\/posts"}],"about":[{"href":"https:\/\/acontecenafronteira.com.br\/index.php\/wp-json\/wp\/v2\/types\/post"}],"replies":[{"embeddable":true,"href":"https:\/\/acontecenafronteira.com.br\/index.php\/wp-json\/wp\/v2\/comments?post=34439"}],"version-history":[{"count":1,"href":"https:\/\/acontecenafronteira.com.br\/index.php\/wp-json\/wp\/v2\/posts\/34439\/revisions"}],"predecessor-version":[{"id":34443,"href":"https:\/\/acontecenafronteira.com.br\/index.php\/wp-json\/wp\/v2\/posts\/34439\/revisions\/34443"}],"wp:featuredmedia":[{"embeddable":true,"href":"https:\/\/acontecenafronteira.com.br\/index.php\/wp-json\/wp\/v2\/media\/34444"}],"wp:attachment":[{"href":"https:\/\/acontecenafronteira.com.br\/index.php\/wp-json\/wp\/v2\/media?parent=34439"}],"wp:term":[{"taxonomy":"category","embeddable":true,"href":"https:\/\/acontecenafronteira.com.br\/index.php\/wp-json\/wp\/v2\/categories?post=34439"},{"taxonomy":"post_tag","embeddable":true,"href":"https:\/\/acontecenafronteira.com.br\/index.php\/wp-json\/wp\/v2\/tags?post=34439"}],"curies":[{"name":"wp","href":"https:\/\/api.w.org\/{rel}","templated":true}]}}