{"id":34430,"date":"2026-09-03T10:36:44","date_gmt":"2026-09-03T13:36:44","guid":{"rendered":"https:\/\/acontecenafronteira.com.br\/?p=34430"},"modified":"2026-09-03T10:36:44","modified_gmt":"2026-09-03T13:36:44","slug":"trump-destaca-relacao-com-o-brasil-e-guinada-na-america-do-sul","status":"publish","type":"post","link":"https:\/\/acontecenafronteira.com.br\/index.php\/2026\/09\/03\/trump-destaca-relacao-com-o-brasil-e-guinada-na-america-do-sul\/","title":{"rendered":"Trump destaca rela\u00e7\u00e3o com o Brasil e guinada na Am\u00e9rica do Sul"},"content":{"rendered":"<p>O ex-presidente dos Estados Unidos, <strong>Donald Trump<\/strong>, declarou nesta quarta-feira (2) que possui uma rela\u00e7\u00e3o cordial e positiva com o Brasil, al\u00e9m de destacar um avan\u00e7o expressivo dos governos de direita em toda a Am\u00e9rica do Sul.<\/p>\n<h2>Rela\u00e7\u00e3o bilateral e cen\u00e1rio regional<\/h2>\n<p>Durante pronunciamento, o l\u00edder norte-americano avaliou o momento pol\u00edtico do continente sul-americano e enfatizou que a regi\u00e3o tem passado por transforma\u00e7\u00f5es profundas na esfera ideol\u00f3gica, com a ascens\u00e3o de novas lideran\u00e7as conservadoras.<\/p>\n<h2>Avan\u00e7o conservador no continente<\/h2>\n<p>Segundo a perspectiva de Trump, o panorama pol\u00edtico sul-americano caminha claramente para o fortalecimento de pautas \u00e0 direita, o que pode influenciar diretamente as parcerias estrat\u00e9gicas e diplom\u00e1ticas com os Estados Unidos nos pr\u00f3ximos anos.<\/p>\n<p>Por Reda\u00e7\u00e3o Acontece<\/p>\n<p>Cr\u00e9ditos da imagem: Reprodu\u00e7\u00e3o \/ Redes sociais<\/p>\n","protected":false},"excerpt":{"rendered":"<p>O ex-presidente dos Estados Unidos, Donald Trump, declarou nesta quarta-feira (2) que possui uma rela\u00e7\u00e3o cordial e positiva com o Brasil, al\u00e9m de destacar um avan\u00e7o expressivo dos governos de direita em toda a Am\u00e9rica do Sul. Rela\u00e7\u00e3o bilateral e cen\u00e1rio regional Durante pronunciamento, o l\u00edder norte-americano avaliou o momento pol\u00edtico do continente sul-americano e [&hellip;]<\/p>\n","protected":false},"author":0,"featured_media":34437,"comment_status":"open","ping_status":"open","sticky":false,"template":"","format":"standard","meta":{"footnotes":""},"categories":[18],"tags":[],"class_list":["post-34430","post","type-post","status-publish","format-standard","has-post-thumbnail","hentry","category-parana"],"_links":{"self":[{"href":"https:\/\/acontecenafronteira.com.br\/index.php\/wp-json\/wp\/v2\/posts\/34430","targetHints":{"allow":["GET"]}}],"collection":[{"href":"https:\/\/acontecenafronteira.com.br\/index.php\/wp-json\/wp\/v2\/posts"}],"about":[{"href":"https:\/\/acontecenafronteira.com.br\/index.php\/wp-json\/wp\/v2\/types\/post"}],"replies":[{"embeddable":true,"href":"https:\/\/acontecenafronteira.com.br\/index.php\/wp-json\/wp\/v2\/comments?post=34430"}],"version-history":[{"count":1,"href":"https:\/\/acontecenafronteira.com.br\/index.php\/wp-json\/wp\/v2\/posts\/34430\/revisions"}],"predecessor-version":[{"id":34436,"href":"https:\/\/acontecenafronteira.com.br\/index.php\/wp-json\/wp\/v2\/posts\/34430\/revisions\/34436"}],"wp:featuredmedia":[{"embeddable":true,"href":"https:\/\/acontecenafronteira.com.br\/index.php\/wp-json\/wp\/v2\/media\/34437"}],"wp:attachment":[{"href":"https:\/\/acontecenafronteira.com.br\/index.php\/wp-json\/wp\/v2\/media?parent=34430"}],"wp:term":[{"taxonomy":"category","embeddable":true,"href":"https:\/\/acontecenafronteira.com.br\/index.php\/wp-json\/wp\/v2\/categories?post=34430"},{"taxonomy":"post_tag","embeddable":true,"href":"https:\/\/acontecenafronteira.com.br\/index.php\/wp-json\/wp\/v2\/tags?post=34430"}],"curies":[{"name":"wp","href":"https:\/\/api.w.org\/{rel}","templated":true}]}}