{"id":34429,"date":"2026-09-03T10:36:41","date_gmt":"2026-09-03T13:36:41","guid":{"rendered":"https:\/\/acontecenafronteira.com.br\/?p=34429"},"modified":"2026-09-03T10:36:41","modified_gmt":"2026-09-03T13:36:41","slug":"mppr-investiga-desvio-de-doacoes-apos-tornado-no-pr","status":"publish","type":"post","link":"https:\/\/acontecenafronteira.com.br\/index.php\/2026\/09\/03\/mppr-investiga-desvio-de-doacoes-apos-tornado-no-pr\/","title":{"rendered":"MPPR investiga desvio de doa\u00e7\u00f5es ap\u00f3s tornado no PR"},"content":{"rendered":"<p>O Minist\u00e9rio P\u00fablico do Paran\u00e1 (MPPR) abriu uma investiga\u00e7\u00e3o para apurar a suspeita de desvio de mantimentos e produtos doados para auxiliar a popula\u00e7\u00e3o afetada por um tornado em Rio Bonito do Igua\u00e7u.<\/p>\n<h2>Entenda o caso das doa\u00e7\u00f5es desviadas<\/h2>\n<p>A apura\u00e7\u00e3o foi iniciada ap\u00f3s relatos de irregularidades na distribui\u00e7\u00e3o da assist\u00eancia humanit\u00e1ria que chegou ao munic\u00edpio logo ap\u00f3s o desastre natural. As autoridades buscam identificar se os itens essenciais foram repassados corretamente aos moradores cadastrados ou se houve apropria\u00e7\u00e3o indevida.<\/p>\n<h3>A\u00e7\u00f5es do Minist\u00e9rio P\u00fablico<\/h3>\n<p>Equipes do \u00f3rg\u00e3o ministerial est\u00e3o coletando depoimentos e documentos para mapear o fluxo dos donativos desde a chegada at\u00e9 a suposta entrega final. O objetivo \u00e9 responsabilizar eventuais envolvidos nas irregularidades.<\/p>\n<p>O impacto do temporal deixou diversos preju\u00edzos materiais na regi\u00e3o, mobilizando campanhas de solidariedade em todo o estado para socorrer as fam\u00edlias desabrigadas e desalojadas.<\/p>\n<p>A investiga\u00e7\u00e3o segue em sigilo para garantir a efic\u00e1cia das dilig\u00eancias e a apura\u00e7\u00e3o completa dos fatos denunciados pela comunidade local.<\/p>\n<p>Por Reda\u00e7\u00e3o Acontece<\/p>\n<p>Cr\u00e9ditos da imagem: Divulga\u00e7\u00e3o\/MPPR<\/p>\n","protected":false},"excerpt":{"rendered":"<p>O Minist\u00e9rio P\u00fablico do Paran\u00e1 (MPPR) abriu uma investiga\u00e7\u00e3o para apurar a suspeita de desvio de mantimentos e produtos doados para auxiliar a popula\u00e7\u00e3o afetada por um tornado em Rio Bonito do Igua\u00e7u. Entenda o caso das doa\u00e7\u00f5es desviadas A apura\u00e7\u00e3o foi iniciada ap\u00f3s relatos de irregularidades na distribui\u00e7\u00e3o da assist\u00eancia humanit\u00e1ria que chegou ao [&hellip;]<\/p>\n","protected":false},"author":0,"featured_media":34435,"comment_status":"open","ping_status":"open","sticky":false,"template":"","format":"standard","meta":{"footnotes":""},"categories":[18],"tags":[],"class_list":["post-34429","post","type-post","status-publish","format-standard","has-post-thumbnail","hentry","category-parana"],"_links":{"self":[{"href":"https:\/\/acontecenafronteira.com.br\/index.php\/wp-json\/wp\/v2\/posts\/34429","targetHints":{"allow":["GET"]}}],"collection":[{"href":"https:\/\/acontecenafronteira.com.br\/index.php\/wp-json\/wp\/v2\/posts"}],"about":[{"href":"https:\/\/acontecenafronteira.com.br\/index.php\/wp-json\/wp\/v2\/types\/post"}],"replies":[{"embeddable":true,"href":"https:\/\/acontecenafronteira.com.br\/index.php\/wp-json\/wp\/v2\/comments?post=34429"}],"version-history":[{"count":1,"href":"https:\/\/acontecenafronteira.com.br\/index.php\/wp-json\/wp\/v2\/posts\/34429\/revisions"}],"predecessor-version":[{"id":34434,"href":"https:\/\/acontecenafronteira.com.br\/index.php\/wp-json\/wp\/v2\/posts\/34429\/revisions\/34434"}],"wp:featuredmedia":[{"embeddable":true,"href":"https:\/\/acontecenafronteira.com.br\/index.php\/wp-json\/wp\/v2\/media\/34435"}],"wp:attachment":[{"href":"https:\/\/acontecenafronteira.com.br\/index.php\/wp-json\/wp\/v2\/media?parent=34429"}],"wp:term":[{"taxonomy":"category","embeddable":true,"href":"https:\/\/acontecenafronteira.com.br\/index.php\/wp-json\/wp\/v2\/categories?post=34429"},{"taxonomy":"post_tag","embeddable":true,"href":"https:\/\/acontecenafronteira.com.br\/index.php\/wp-json\/wp\/v2\/tags?post=34429"}],"curies":[{"name":"wp","href":"https:\/\/api.w.org\/{rel}","templated":true}]}}