{"id":34428,"date":"2026-09-03T10:36:33","date_gmt":"2026-09-03T13:36:33","guid":{"rendered":"https:\/\/acontecenafronteira.com.br\/?p=34428"},"modified":"2026-09-03T10:36:33","modified_gmt":"2026-09-03T13:36:33","slug":"ratinho-volta-a-criticar-erika-hilton-em-podcast","status":"publish","type":"post","link":"https:\/\/acontecenafronteira.com.br\/index.php\/2026\/09\/03\/ratinho-volta-a-criticar-erika-hilton-em-podcast\/","title":{"rendered":"Ratinho volta a criticar Erika Hilton em podcast"},"content":{"rendered":"<p>O apresentador Carlos Massa, amplamente conhecido como Ratinho, voltou a gerar controv\u00e9rsia ao retomar as cr\u00edticas contra a deputada federal Erika Hilton (PSOL-SP). Durante uma participa\u00e7\u00e3o recente no podcast \u201cPapagaio Falante\u201d, o comunicador de 70 anos reafirmou suas declara\u00e7\u00f5es anteriores a respeito da parlamentar de 33 anos, mantendo o tom pol\u00eamico que j\u00e1 havia marcado suas manifesta\u00e7\u00f5es p\u00fablicas passadas.<\/p>\n<h2>A repercuss\u00e3o das declara\u00e7\u00f5es de Ratinho<\/h2>\n<p>A postura do contratado do SBT demonstra que o descontentamento com a atua\u00e7\u00e3o da parlamentar permanece inalterado. Mesmo ap\u00f3s a repercuss\u00e3o negativa de seus coment\u00e1rios anteriores, o apresentador optou por n\u00e3o recuar, reiterando seu ponto de vista perante os entrevistadores e ouvintes da atra\u00e7\u00e3o digital.<\/p>\n<h2>Contexto da pol\u00eamica com a deputada<\/h2>\n<p>O atrito entre as figuras p\u00fablicas ganhou for\u00e7a nos \u00faltimos meses, dividindo opini\u00f5es nas redes sociais e na esfera pol\u00edtica. Enquanto apoiadores da deputada repudiam os ataques, defensores do apresentador argumentam em favor da liberdade de express\u00e3o, evidenciando a polariza\u00e7\u00e3o em torno do tema.<\/p>\n<p>Por Reda\u00e7\u00e3o Acontece<\/p>\n<p>Cr\u00e9ditos da imagem: Reprodu\u00e7\u00e3o \/ Redes Sociais<\/p>\n","protected":false},"excerpt":{"rendered":"<p>O apresentador Carlos Massa, amplamente conhecido como Ratinho, voltou a gerar controv\u00e9rsia ao retomar as cr\u00edticas contra a deputada federal Erika Hilton (PSOL-SP). Durante uma participa\u00e7\u00e3o recente no podcast \u201cPapagaio Falante\u201d, o comunicador de 70 anos reafirmou suas declara\u00e7\u00f5es anteriores a respeito da parlamentar de 33 anos, mantendo o tom pol\u00eamico que j\u00e1 havia marcado [&hellip;]<\/p>\n","protected":false},"author":0,"featured_media":34433,"comment_status":"open","ping_status":"open","sticky":false,"template":"","format":"standard","meta":{"footnotes":""},"categories":[18],"tags":[],"class_list":["post-34428","post","type-post","status-publish","format-standard","has-post-thumbnail","hentry","category-parana"],"_links":{"self":[{"href":"https:\/\/acontecenafronteira.com.br\/index.php\/wp-json\/wp\/v2\/posts\/34428","targetHints":{"allow":["GET"]}}],"collection":[{"href":"https:\/\/acontecenafronteira.com.br\/index.php\/wp-json\/wp\/v2\/posts"}],"about":[{"href":"https:\/\/acontecenafronteira.com.br\/index.php\/wp-json\/wp\/v2\/types\/post"}],"replies":[{"embeddable":true,"href":"https:\/\/acontecenafronteira.com.br\/index.php\/wp-json\/wp\/v2\/comments?post=34428"}],"version-history":[{"count":1,"href":"https:\/\/acontecenafronteira.com.br\/index.php\/wp-json\/wp\/v2\/posts\/34428\/revisions"}],"predecessor-version":[{"id":34432,"href":"https:\/\/acontecenafronteira.com.br\/index.php\/wp-json\/wp\/v2\/posts\/34428\/revisions\/34432"}],"wp:featuredmedia":[{"embeddable":true,"href":"https:\/\/acontecenafronteira.com.br\/index.php\/wp-json\/wp\/v2\/media\/34433"}],"wp:attachment":[{"href":"https:\/\/acontecenafronteira.com.br\/index.php\/wp-json\/wp\/v2\/media?parent=34428"}],"wp:term":[{"taxonomy":"category","embeddable":true,"href":"https:\/\/acontecenafronteira.com.br\/index.php\/wp-json\/wp\/v2\/categories?post=34428"},{"taxonomy":"post_tag","embeddable":true,"href":"https:\/\/acontecenafronteira.com.br\/index.php\/wp-json\/wp\/v2\/tags?post=34428"}],"curies":[{"name":"wp","href":"https:\/\/api.w.org\/{rel}","templated":true}]}}