{"id":34401,"date":"2026-09-03T09:37:01","date_gmt":"2026-09-03T12:37:01","guid":{"rendered":"https:\/\/acontecenafronteira.com.br\/?p=34401"},"modified":"2026-09-03T09:37:01","modified_gmt":"2026-09-03T12:37:01","slug":"gastronomia-em-foz-do-iguacu-segredos-da-alta-cozinha","status":"publish","type":"post","link":"https:\/\/acontecenafronteira.com.br\/index.php\/2026\/09\/03\/gastronomia-em-foz-do-iguacu-segredos-da-alta-cozinha\/","title":{"rendered":"Gastronomia em Foz do Igua\u00e7u: segredos da alta cozinha"},"content":{"rendered":"<p>O restaurante Fino Corte consolidou-se como uma refer\u00eancia imperd\u00edvel para moradores e turistas que visitam Foz do Igua\u00e7u, elevando a culin\u00e1ria local a um patamar memor\u00e1vel atrav\u00e9s de um conceito que vai muito al\u00e9m de uma simples refei\u00e7\u00e3o.<\/p>\n<h2>Tradi\u00e7\u00e3o familiar e cortes selecionados<\/h2>\n<p>O sucesso do estabelecimento reside na combina\u00e7\u00e3o entre o profundo conhecimento sobre carnes nobres e a heran\u00e7a de uma forte tradi\u00e7\u00e3o familiar. Cada pe\u00e7a servida passa por um rigoroso processo de sele\u00e7\u00e3o para garantir maciez, sucul\u00eancia e sabor incompar\u00e1veis.<\/p>\n<h2>Atendimento e apresenta\u00e7\u00f5es marcantes<\/h2>\n<h3>A experi\u00eancia sensorial completa<\/h3>\n<p>Mais do que saborear pratos excepcionais, o cliente desfruta de um servi\u00e7o atencioso e de apresenta\u00e7\u00f5es visuais impressionantes. Esses elementos transformam o sal\u00e3o em um verdadeiro palco onde a alta gastronomia \u00e9 celebrada em todas as suas vertentes.<\/p>\n<p>A harmonia entre a expertise t\u00e9cnica no preparo dos cortes e a hospitalidade cria uma atmosfera acolhedora, ideal tanto para ocasi\u00f5es especiais quanto para momentos de lazer na tr\u00edade de fronteira.<\/p>\n<p>Dessa forma, o endere\u00e7o cativa o p\u00fablico ao proporcionar viv\u00eancias gastron\u00f4micas completas que valorizam a cultura da boa mesa e deixam saudades em quem passa pela Terra das Cataratas.<\/p>\n<p>Por Reda\u00e7\u00e3o Acontece<\/p>\n<p>Cr\u00e9ditos da imagem: Divulga\u00e7\u00e3o \/ Fino Corte<\/p>\n","protected":false},"excerpt":{"rendered":"<p>O restaurante Fino Corte consolidou-se como uma refer\u00eancia imperd\u00edvel para moradores e turistas que visitam Foz do Igua\u00e7u, elevando a culin\u00e1ria local a um patamar memor\u00e1vel atrav\u00e9s de um conceito que vai muito al\u00e9m de uma simples refei\u00e7\u00e3o. Tradi\u00e7\u00e3o familiar e cortes selecionados O sucesso do estabelecimento reside na combina\u00e7\u00e3o entre o profundo conhecimento sobre [&hellip;]<\/p>\n","protected":false},"author":0,"featured_media":34403,"comment_status":"open","ping_status":"open","sticky":false,"template":"","format":"standard","meta":{"footnotes":""},"categories":[4],"tags":[],"class_list":["post-34401","post","type-post","status-publish","format-standard","has-post-thumbnail","hentry","category-cidade"],"_links":{"self":[{"href":"https:\/\/acontecenafronteira.com.br\/index.php\/wp-json\/wp\/v2\/posts\/34401","targetHints":{"allow":["GET"]}}],"collection":[{"href":"https:\/\/acontecenafronteira.com.br\/index.php\/wp-json\/wp\/v2\/posts"}],"about":[{"href":"https:\/\/acontecenafronteira.com.br\/index.php\/wp-json\/wp\/v2\/types\/post"}],"replies":[{"embeddable":true,"href":"https:\/\/acontecenafronteira.com.br\/index.php\/wp-json\/wp\/v2\/comments?post=34401"}],"version-history":[{"count":1,"href":"https:\/\/acontecenafronteira.com.br\/index.php\/wp-json\/wp\/v2\/posts\/34401\/revisions"}],"predecessor-version":[{"id":34402,"href":"https:\/\/acontecenafronteira.com.br\/index.php\/wp-json\/wp\/v2\/posts\/34401\/revisions\/34402"}],"wp:featuredmedia":[{"embeddable":true,"href":"https:\/\/acontecenafronteira.com.br\/index.php\/wp-json\/wp\/v2\/media\/34403"}],"wp:attachment":[{"href":"https:\/\/acontecenafronteira.com.br\/index.php\/wp-json\/wp\/v2\/media?parent=34401"}],"wp:term":[{"taxonomy":"category","embeddable":true,"href":"https:\/\/acontecenafronteira.com.br\/index.php\/wp-json\/wp\/v2\/categories?post=34401"},{"taxonomy":"post_tag","embeddable":true,"href":"https:\/\/acontecenafronteira.com.br\/index.php\/wp-json\/wp\/v2\/tags?post=34401"}],"curies":[{"name":"wp","href":"https:\/\/api.w.org\/{rel}","templated":true}]}}