{"id":34386,"date":"2026-09-03T08:37:33","date_gmt":"2026-09-03T11:37:33","guid":{"rendered":"https:\/\/acontecenafronteira.com.br\/?p=34386"},"modified":"2026-09-03T08:37:33","modified_gmt":"2026-09-03T11:37:33","slug":"bc-decreta-liquidacao-de-gestoras-ligadas-ao-caso-master","status":"publish","type":"post","link":"https:\/\/acontecenafronteira.com.br\/index.php\/2026\/09\/03\/bc-decreta-liquidacao-de-gestoras-ligadas-ao-caso-master\/","title":{"rendered":"BC decreta liquida\u00e7\u00e3o de gestoras ligadas ao caso Master"},"content":{"rendered":"<p>O Banco Central decretou nesta quinta-feira a liquida\u00e7\u00e3o extrajudicial da Trustee Distribuidora de T\u00edtulos e Valores Mobili\u00e1rios e da Banvox Distribuidora de T\u00edtulos e Valores Mobili\u00e1rios, empresas associadas \u00e0s investiga\u00e7\u00f5es envolvendo o <b>Banco Master<\/b> e o empres\u00e1rio Daniel Vorcaro.<\/p>\n<h2>Motivos da interven\u00e7\u00e3o do Banco Central<\/h2>\n<p>A medida dr\u00e1stica foi tomada ap\u00f3s a identifica\u00e7\u00e3o de graves infra\u00e7\u00f5es \u00e0s regulamenta\u00e7\u00f5es que regem o setor financeiro nacional, conforme esclareceu a autoridade monet\u00e1ria por meio de nota oficial.<\/p>\n<h2>Impacto das gestoras no mercado<\/h2>\n<p>Apesar da gravidade da decis\u00e3o, o \u00f3rg\u00e3o regulador destacou que ambas as empresas possuem relev\u00e2ncia m\u00ednima no cen\u00e1rio econ\u00f4mico atual, respondendo por uma fatia inferior a 0,001% dos ativos totais do Sistema Financeiro Nacional e aproximadamente 0,76% na gest\u00e3o de recursos de terceiros.<\/p>\n<p>As investiga\u00e7\u00f5es conduzidas pelo Banco Central continuam em andamento e podem culminar em puni\u00e7\u00f5es de natureza administrativa, al\u00e9m do repasse de informa\u00e7\u00f5es relevantes aos \u00f3rg\u00e3os fiscalizadores competentes.<\/p>\n<h2>Bloqueio de patrim\u00f4nio dos envolvidos<\/h2>\n<p>Com a oficializa\u00e7\u00e3o da liquida\u00e7\u00e3o, os patrim\u00f4nios dos antigos gestores e controladores das distribuidoras passam a figurar como indispon\u00edveis, medida cautelar padr\u00e3o para preservar eventuais ressarcimentos.<\/p>\n<p>O caso segue sob apura\u00e7\u00e3o e novas atualiza\u00e7\u00f5es devem ser divulgadas pelas autoridades financeiras nas pr\u00f3ximas horas.<\/p>\n<p>Por Reda\u00e7\u00e3o Acontece<\/p>\n<p>Cr\u00e9ditos da imagem: Divulga\u00e7\u00e3o\/Banco Central<\/p>\n","protected":false},"excerpt":{"rendered":"<p>O Banco Central decretou nesta quinta-feira a liquida\u00e7\u00e3o extrajudicial da Trustee Distribuidora de T\u00edtulos e Valores Mobili\u00e1rios e da Banvox Distribuidora de T\u00edtulos e Valores Mobili\u00e1rios, empresas associadas \u00e0s investiga\u00e7\u00f5es envolvendo o Banco Master e o empres\u00e1rio Daniel Vorcaro. Motivos da interven\u00e7\u00e3o do Banco Central A medida dr\u00e1stica foi tomada ap\u00f3s a identifica\u00e7\u00e3o de graves [&hellip;]<\/p>\n","protected":false},"author":0,"featured_media":34392,"comment_status":"open","ping_status":"open","sticky":false,"template":"","format":"standard","meta":{"footnotes":""},"categories":[28],"tags":[],"class_list":["post-34386","post","type-post","status-publish","format-standard","has-post-thumbnail","hentry","category-mundo"],"_links":{"self":[{"href":"https:\/\/acontecenafronteira.com.br\/index.php\/wp-json\/wp\/v2\/posts\/34386","targetHints":{"allow":["GET"]}}],"collection":[{"href":"https:\/\/acontecenafronteira.com.br\/index.php\/wp-json\/wp\/v2\/posts"}],"about":[{"href":"https:\/\/acontecenafronteira.com.br\/index.php\/wp-json\/wp\/v2\/types\/post"}],"replies":[{"embeddable":true,"href":"https:\/\/acontecenafronteira.com.br\/index.php\/wp-json\/wp\/v2\/comments?post=34386"}],"version-history":[{"count":1,"href":"https:\/\/acontecenafronteira.com.br\/index.php\/wp-json\/wp\/v2\/posts\/34386\/revisions"}],"predecessor-version":[{"id":34391,"href":"https:\/\/acontecenafronteira.com.br\/index.php\/wp-json\/wp\/v2\/posts\/34386\/revisions\/34391"}],"wp:featuredmedia":[{"embeddable":true,"href":"https:\/\/acontecenafronteira.com.br\/index.php\/wp-json\/wp\/v2\/media\/34392"}],"wp:attachment":[{"href":"https:\/\/acontecenafronteira.com.br\/index.php\/wp-json\/wp\/v2\/media?parent=34386"}],"wp:term":[{"taxonomy":"category","embeddable":true,"href":"https:\/\/acontecenafronteira.com.br\/index.php\/wp-json\/wp\/v2\/categories?post=34386"},{"taxonomy":"post_tag","embeddable":true,"href":"https:\/\/acontecenafronteira.com.br\/index.php\/wp-json\/wp\/v2\/tags?post=34386"}],"curies":[{"name":"wp","href":"https:\/\/api.w.org\/{rel}","templated":true}]}}