{"id":34385,"date":"2026-09-03T08:37:28","date_gmt":"2026-09-03T11:37:28","guid":{"rendered":"https:\/\/acontecenafronteira.com.br\/?p=34385"},"modified":"2026-09-03T08:37:28","modified_gmt":"2026-09-03T11:37:28","slug":"stj-mantem-nardoni-e-jatoba-no-regime-aberto-apos-recurso","status":"publish","type":"post","link":"https:\/\/acontecenafronteira.com.br\/index.php\/2026\/09\/03\/stj-mantem-nardoni-e-jatoba-no-regime-aberto-apos-recurso\/","title":{"rendered":"STJ mant\u00e9m Nardoni e Jatob\u00e1 no regime aberto ap\u00f3s recurso"},"content":{"rendered":"<p>Por unanimidade, a 5\u00aa Turma do Superior Tribunal de Justi\u00e7a (STJ) negou seguimento, nesta quarta-feira (2), a um recurso que exigia a revoga\u00e7\u00e3o do regime aberto e o retorno imediato de Alexandre Nardoni e Anna Carolina Jatob\u00e1 ao sistema prisional.<\/p>\n<h2>Motivos da rejei\u00e7\u00e3o no STJ<\/h2>\n<p>O relator da mat\u00e9ria, ministro Ribeiro Dantas, conduziu o julgamento virtual iniciado na \u00faltima quinta-feira (27). A decis\u00e3o do colegiado ocorreu puramente por quest\u00f5es burocr\u00e1ticas: a Associa\u00e7\u00e3o do Orgulho LGBTQIAPN+, respons\u00e1vel pela a\u00e7\u00e3o, deixou de recolher as custas processuais obrigat\u00f3rias exigidas pela corte.<\/p>\n<p>Sob a presid\u00eancia do suplente a deputado estadual Agripino Magalh\u00e3es J\u00fanior, a entidade acionou a Justi\u00e7a sob sigilo. O grupo apontava supostas irregularidades no cumprimento da pena, questionando hor\u00e1rios de circula\u00e7\u00e3o, a veracidade do endere\u00e7o residencial fornecido e a rotina laboral declarada por Nardoni.<\/p>\n<h2>Repercuss\u00e3o p\u00fablica e abaixo-assinado<\/h2>\n<p>As d\u00favidas levantadas pela associa\u00e7\u00e3o tiveram como base relatos de vizinhos e moradores de \u00e1reas de S\u00e3o Paulo e Barueri. A insatisfa\u00e7\u00e3o popular culminou em um abaixo-assinado com mais de duas mil assinaturas, exigindo que os condenados voltassem \u00e0 cadeia.<\/p>\n<p>Segundo o advogado Angelo Carbone, que representa a entidade no processo, a presen\u00e7a do casal gerou forte inc\u00f4modo no bairro de Santana, na zona norte paulista. Para o defensor, a postura dos r\u00e9us em liberdade causou revolta na comunidade local.<\/p>\n<p>Em paralelo \u00e0s movimenta\u00e7\u00f5es judiciais, Ana Carolina Oliveira, m\u00e3e da v\u00edtima Isabella Nardoni, manifestou seu descontentamento atrav\u00e9s das redes sociais. Ela refor\u00e7ou o coro pela volta dos condenados \u00e0 pris\u00e3o, destacando a dor de v\u00ea-los livres na mesma regi\u00e3o onde familiares residem.<\/p>\n<h2>Hist\u00f3rico do crime e novas investiga\u00e7\u00f5es<\/h2>\n<p>O assassinato de Isabella Nardoni, de apenas cinco anos, ocorreu em 2008, ap\u00f3s a menina ser arremessada do sexto andar de um edif\u00edcio na capital paulista. Em j\u00fari popular realizado em 2010, Alexandre Nardoni pegou mais de 31 anos de reclus\u00e3o, enquanto Anna Carolina Jatob\u00e1 foi condenada a mais de 26 anos. Ap\u00f3s cumprirem parte das penas em regime fechado e semiaberto, a madrasta obteve a liberdade condicional em 2023, seguida por Alexandre em 2024.<\/p>\n<p>Independentemente da decis\u00e3o do STJ, a mesma associa\u00e7\u00e3o protocolou uma representa\u00e7\u00e3o junto ao Minist\u00e9rio P\u00fablico de S\u00e3o Paulo (MP-SP). O documento solicita a abertura de novas investiga\u00e7\u00f5es sobre a din\u00e2mica do crime, mencionando supostos privil\u00e9gios anteriores na pris\u00e3o e ind\u00edcios in\u00e9ditos que recaem sobre a atua\u00e7\u00e3o de Ant\u00f4nio Nardoni, av\u00f4 da v\u00edtima, no homic\u00eddio.<\/p>\n<p>Por Reda\u00e7\u00e3o Acontece<\/p>\n<p>Foto: Divulga\u00e7\u00e3o \/ Tribunal de Justi\u00e7a<\/p>\n","protected":false},"excerpt":{"rendered":"<p>Por unanimidade, a 5\u00aa Turma do Superior Tribunal de Justi\u00e7a (STJ) negou seguimento, nesta quarta-feira (2), a um recurso que exigia a revoga\u00e7\u00e3o do regime aberto e o retorno imediato de Alexandre Nardoni e Anna Carolina Jatob\u00e1 ao sistema prisional. Motivos da rejei\u00e7\u00e3o no STJ O relator da mat\u00e9ria, ministro Ribeiro Dantas, conduziu o julgamento [&hellip;]<\/p>\n","protected":false},"author":0,"featured_media":34390,"comment_status":"open","ping_status":"open","sticky":false,"template":"","format":"standard","meta":{"footnotes":""},"categories":[28],"tags":[],"class_list":["post-34385","post","type-post","status-publish","format-standard","has-post-thumbnail","hentry","category-mundo"],"_links":{"self":[{"href":"https:\/\/acontecenafronteira.com.br\/index.php\/wp-json\/wp\/v2\/posts\/34385","targetHints":{"allow":["GET"]}}],"collection":[{"href":"https:\/\/acontecenafronteira.com.br\/index.php\/wp-json\/wp\/v2\/posts"}],"about":[{"href":"https:\/\/acontecenafronteira.com.br\/index.php\/wp-json\/wp\/v2\/types\/post"}],"replies":[{"embeddable":true,"href":"https:\/\/acontecenafronteira.com.br\/index.php\/wp-json\/wp\/v2\/comments?post=34385"}],"version-history":[{"count":1,"href":"https:\/\/acontecenafronteira.com.br\/index.php\/wp-json\/wp\/v2\/posts\/34385\/revisions"}],"predecessor-version":[{"id":34389,"href":"https:\/\/acontecenafronteira.com.br\/index.php\/wp-json\/wp\/v2\/posts\/34385\/revisions\/34389"}],"wp:featuredmedia":[{"embeddable":true,"href":"https:\/\/acontecenafronteira.com.br\/index.php\/wp-json\/wp\/v2\/media\/34390"}],"wp:attachment":[{"href":"https:\/\/acontecenafronteira.com.br\/index.php\/wp-json\/wp\/v2\/media?parent=34385"}],"wp:term":[{"taxonomy":"category","embeddable":true,"href":"https:\/\/acontecenafronteira.com.br\/index.php\/wp-json\/wp\/v2\/categories?post=34385"},{"taxonomy":"post_tag","embeddable":true,"href":"https:\/\/acontecenafronteira.com.br\/index.php\/wp-json\/wp\/v2\/tags?post=34385"}],"curies":[{"name":"wp","href":"https:\/\/api.w.org\/{rel}","templated":true}]}}