{"id":34382,"date":"2026-09-03T08:37:21","date_gmt":"2026-09-03T11:37:21","guid":{"rendered":"https:\/\/acontecenafronteira.com.br\/?p=34382"},"modified":"2026-09-03T08:37:21","modified_gmt":"2026-09-03T11:37:21","slug":"pgr-pede-arquivamento-de-depoimento-de-vorcaro","status":"publish","type":"post","link":"https:\/\/acontecenafronteira.com.br\/index.php\/2026\/09\/03\/pgr-pede-arquivamento-de-depoimento-de-vorcaro\/","title":{"rendered":"PGR pede arquivamento de depoimento de Vorcaro"},"content":{"rendered":"<p>A Procuradoria-Geral da Rep\u00fablica (PGR) manifestou-se favoravelmente ao encerramento da investiga\u00e7\u00e3o baseada no depoimento do ex-banqueiro Daniel Vorcaro, realizado nesta quarta-feira (2), onde foram relatadas supostas intimida\u00e7\u00f5es.<\/p>\n<h2>An\u00e1lise do caso pela PGR<\/h2>\n<p>O \u00f3rg\u00e3o ministerial avaliou os elementos apresentados durante a oitiva e concluiu pela inviabilidade de prosseguimento, sugerindo que o caso seja encerrado sem novas dilig\u00eancias formais.<\/p>\n<h3>Contexto das declara\u00e7\u00f5es<\/h3>\n<p>As falas de Daniel Vorcaro ganharam repercuss\u00e3o ap\u00f3s apontarem epis\u00f3dios de coer\u00e7\u00e3o, gerando movimenta\u00e7\u00e3o nos \u00f3rg\u00e3os competentes para apurar a veracidade dos fatos narrados pelo ex-gestor financeiro.<\/p>\n<h2>Pr\u00f3ximos passos judiciais<\/h2>\n<p>Com a manifesta\u00e7\u00e3o oficial da Procuradoria-Geral da Rep\u00fablica, o processo agora aguarda a decis\u00e3o final da inst\u00e2ncia competente do Poder Judici\u00e1rio para o devido arquivamento definitivo.<\/p>\n<p>A medida encerra temporariamente uma frente de apura\u00e7\u00e3o que envolvia figuras do mercado financeiro e autoridades, mantendo o foco em outras linhas de investiga\u00e7\u00e3o em curso.<\/p>\n<p>Por Reda\u00e7\u00e3o Acontece<\/p>\n<p>Cr\u00e9ditos da imagem: Divulga\u00e7\u00e3o\/PGR<\/p>\n","protected":false},"excerpt":{"rendered":"<p>A Procuradoria-Geral da Rep\u00fablica (PGR) manifestou-se favoravelmente ao encerramento da investiga\u00e7\u00e3o baseada no depoimento do ex-banqueiro Daniel Vorcaro, realizado nesta quarta-feira (2), onde foram relatadas supostas intimida\u00e7\u00f5es. An\u00e1lise do caso pela PGR O \u00f3rg\u00e3o ministerial avaliou os elementos apresentados durante a oitiva e concluiu pela inviabilidade de prosseguimento, sugerindo que o caso seja encerrado sem [&hellip;]<\/p>\n","protected":false},"author":0,"featured_media":34384,"comment_status":"open","ping_status":"open","sticky":false,"template":"","format":"standard","meta":{"footnotes":""},"categories":[18],"tags":[],"class_list":["post-34382","post","type-post","status-publish","format-standard","has-post-thumbnail","hentry","category-parana"],"_links":{"self":[{"href":"https:\/\/acontecenafronteira.com.br\/index.php\/wp-json\/wp\/v2\/posts\/34382","targetHints":{"allow":["GET"]}}],"collection":[{"href":"https:\/\/acontecenafronteira.com.br\/index.php\/wp-json\/wp\/v2\/posts"}],"about":[{"href":"https:\/\/acontecenafronteira.com.br\/index.php\/wp-json\/wp\/v2\/types\/post"}],"replies":[{"embeddable":true,"href":"https:\/\/acontecenafronteira.com.br\/index.php\/wp-json\/wp\/v2\/comments?post=34382"}],"version-history":[{"count":1,"href":"https:\/\/acontecenafronteira.com.br\/index.php\/wp-json\/wp\/v2\/posts\/34382\/revisions"}],"predecessor-version":[{"id":34383,"href":"https:\/\/acontecenafronteira.com.br\/index.php\/wp-json\/wp\/v2\/posts\/34382\/revisions\/34383"}],"wp:featuredmedia":[{"embeddable":true,"href":"https:\/\/acontecenafronteira.com.br\/index.php\/wp-json\/wp\/v2\/media\/34384"}],"wp:attachment":[{"href":"https:\/\/acontecenafronteira.com.br\/index.php\/wp-json\/wp\/v2\/media?parent=34382"}],"wp:term":[{"taxonomy":"category","embeddable":true,"href":"https:\/\/acontecenafronteira.com.br\/index.php\/wp-json\/wp\/v2\/categories?post=34382"},{"taxonomy":"post_tag","embeddable":true,"href":"https:\/\/acontecenafronteira.com.br\/index.php\/wp-json\/wp\/v2\/tags?post=34382"}],"curies":[{"name":"wp","href":"https:\/\/api.w.org\/{rel}","templated":true}]}}