{"id":34364,"date":"2026-09-03T08:36:38","date_gmt":"2026-09-03T11:36:38","guid":{"rendered":"https:\/\/acontecenafronteira.com.br\/?p=34364"},"modified":"2026-09-03T08:36:38","modified_gmt":"2026-09-03T11:36:38","slug":"cocaina-de-quase-100-kg-e-apreendida-em-porto-no-parana","status":"publish","type":"post","link":"https:\/\/acontecenafronteira.com.br\/index.php\/2026\/09\/03\/cocaina-de-quase-100-kg-e-apreendida-em-porto-no-parana\/","title":{"rendered":"Coca\u00edna de quase 100 kg \u00e9 apreendida em porto no Paran\u00e1"},"content":{"rendered":"<p>Uma opera\u00e7\u00e3o da Receita Federal resultou na apreens\u00e3o de 98,5 quilos de coca\u00edna na tarde de quarta-feira (2), em um terminal privado localizado no Porto de Paranagu\u00e1, no litoral paranaense. O entorpecente estava oculto no interior de roletes cil\u00edndricos de metal e tinha como destino final o continente africano.<\/p>\n<h2>Investiga\u00e7\u00e3o e tecnologia no litoral<\/h2>\n<p>De acordo com as autoridades fiscais, a localiza\u00e7\u00e3o do material il\u00edcito foi poss\u00edvel gra\u00e7as ao emprego de tecnologia de escaneamento, combinada com an\u00e1lises estrat\u00e9gicas e o cruzamento rigoroso de dados alfandeg\u00e1rios. A subst\u00e2ncia estava fracionada em 90 tabletes acomodados nos compartimentos met\u00e1licos.<\/p>\n<p>Para comprovar a suspeita, os fiscais perfuraram as estruturas com o aux\u00edlio de furadeiras e, na sequ\u00eancia, solicitaram o apoio do Corpo de Bombeiros para realizar o corte completo dos cilindros e viabilizar a extra\u00e7\u00e3o dos tabletes de droga.<\/p>\n<h2>Destino internacional e pr\u00f3ximos passos<\/h2>\n<p>O planejamento criminoso indicava que o carregamento seria despachado para o Porto de Durban, situado na \u00c1frica do Sul, reconhecido como um dos mais importantes hubs de movimenta\u00e7\u00e3o de cargas e cont\u00eaineres daquela regi\u00e3o. At\u00e9 o momento, os detalhes sobre a empresa exportadora e o terminal espec\u00edfico onde ocorreu a a\u00e7\u00e3o n\u00e3o foram divulgados pelas autoridades competentes.<\/p>\n<p>Encerrada a fase de fiscaliza\u00e7\u00e3o no cais, todo o material apreendido foi encaminhado \u00e0 delegacia da pol\u00edcia judici\u00e1ria, \u00f3rg\u00e3o que assumir\u00e1 a condu\u00e7\u00e3o das investiga\u00e7\u00f5es para identificar os respons\u00e1veis pelo envio internacional.<\/p>\n<p>Por Reda\u00e7\u00e3o Acontece<\/p>\n<p>Foto: Receita Federal \/ Divulga\u00e7\u00e3o<\/p>\n","protected":false},"excerpt":{"rendered":"<p>Uma opera\u00e7\u00e3o da Receita Federal resultou na apreens\u00e3o de 98,5 quilos de coca\u00edna na tarde de quarta-feira (2), em um terminal privado localizado no Porto de Paranagu\u00e1, no litoral paranaense. O entorpecente estava oculto no interior de roletes cil\u00edndricos de metal e tinha como destino final o continente africano. Investiga\u00e7\u00e3o e tecnologia no litoral De [&hellip;]<\/p>\n","protected":false},"author":0,"featured_media":34371,"comment_status":"open","ping_status":"open","sticky":false,"template":"","format":"standard","meta":{"footnotes":""},"categories":[18],"tags":[],"class_list":["post-34364","post","type-post","status-publish","format-standard","has-post-thumbnail","hentry","category-parana"],"_links":{"self":[{"href":"https:\/\/acontecenafronteira.com.br\/index.php\/wp-json\/wp\/v2\/posts\/34364","targetHints":{"allow":["GET"]}}],"collection":[{"href":"https:\/\/acontecenafronteira.com.br\/index.php\/wp-json\/wp\/v2\/posts"}],"about":[{"href":"https:\/\/acontecenafronteira.com.br\/index.php\/wp-json\/wp\/v2\/types\/post"}],"replies":[{"embeddable":true,"href":"https:\/\/acontecenafronteira.com.br\/index.php\/wp-json\/wp\/v2\/comments?post=34364"}],"version-history":[{"count":1,"href":"https:\/\/acontecenafronteira.com.br\/index.php\/wp-json\/wp\/v2\/posts\/34364\/revisions"}],"predecessor-version":[{"id":34370,"href":"https:\/\/acontecenafronteira.com.br\/index.php\/wp-json\/wp\/v2\/posts\/34364\/revisions\/34370"}],"wp:featuredmedia":[{"embeddable":true,"href":"https:\/\/acontecenafronteira.com.br\/index.php\/wp-json\/wp\/v2\/media\/34371"}],"wp:attachment":[{"href":"https:\/\/acontecenafronteira.com.br\/index.php\/wp-json\/wp\/v2\/media?parent=34364"}],"wp:term":[{"taxonomy":"category","embeddable":true,"href":"https:\/\/acontecenafronteira.com.br\/index.php\/wp-json\/wp\/v2\/categories?post=34364"},{"taxonomy":"post_tag","embeddable":true,"href":"https:\/\/acontecenafronteira.com.br\/index.php\/wp-json\/wp\/v2\/tags?post=34364"}],"curies":[{"name":"wp","href":"https:\/\/api.w.org\/{rel}","templated":true}]}}