{"id":34363,"date":"2026-09-03T08:36:32","date_gmt":"2026-09-03T11:36:32","guid":{"rendered":"https:\/\/acontecenafronteira.com.br\/?p=34363"},"modified":"2026-09-03T08:36:32","modified_gmt":"2026-09-03T11:36:32","slug":"caminhoneiro-e-indiciado-apos-atropelar-motociclista-a-148-km-h-no-pr","status":"publish","type":"post","link":"https:\/\/acontecenafronteira.com.br\/index.php\/2026\/09\/03\/caminhoneiro-e-indiciado-apos-atropelar-motociclista-a-148-km-h-no-pr\/","title":{"rendered":"Caminhoneiro \u00e9 indiciado ap\u00f3s atropelar motociclista a 148 km\/h no PR"},"content":{"rendered":"<p>As autoridades policiais do Paran\u00e1 finalizaram, nesta quarta-feira (2), o inqu\u00e9rito referente ao tr\u00e1gico atropelamento que tirou a vida de Tommy Rodrigues Beva, de 36 anos. O condutor do ve\u00edculo de carga foi responsabilizado criminalmente pelo falecimento do motociclista na rodovia PR-151, situada em Ponta Grossa.<\/p>\n<h2>Detalhes da colis\u00e3o fatal nos Campos Gerais<\/h2>\n<p>O fato ocorreu no \u00faltimo dia 20 de mar\u00e7o, quando a v\u00edtima cruzava um trecho monitorado por radar. O motorista do caminh\u00e3o colidiu violentamente contra a traseira da moto, causando politraumatismos fatais instant\u00e2neos em Tommy Rodrigues Beva.<\/p>\n<h2>Velocidade e per\u00edcia t\u00e9cnica<\/h2>\n<p>Laudos periciais baseados em 185 metros de marcas de frenagem revelaram que o ve\u00edculo pesado trafegava a cerca de 148,2 km\/h. O limite regulamentado para o local era de apenas 60 km\/h, o que levou a pol\u00edcia a entender que o motorista assumiu o risco de matar.<\/p>\n<h2>Fraude e acusa\u00e7\u00f5es adicionais<\/h2>\n<p>O investigado, um homem de 56 anos cuja identidade foi preservada, responder\u00e1 por homic\u00eddio qualificado com dolo eventual, al\u00e9m de recurso que dificultou a defesa da v\u00edtima. Ele tamb\u00e9m foi autuado por inova\u00e7\u00e3o artificiosa por tentar fraudar o tac\u00f3grafo.<\/p>\n<h2>Manipula\u00e7\u00e3o do tac\u00f3grafo<\/h2>\n<p>Segundo a corpora\u00e7\u00e3o, o disco do equipamento n\u00e3o registrou a viagem do acidente. A per\u00edcia constatou adultera\u00e7\u00e3o proposital para despistar os investigadores, infra\u00e7\u00e3o grave prevista no C\u00f3digo de Tr\u00e2nsito Brasileiro.<\/p>\n<h2>Pr\u00f3ximos passos da Justi\u00e7a<\/h2>\n<p>Respondendo ao processo em liberdade ap\u00f3s negativas de pris\u00e3o preventiva, o motorista teve seu caso repassado ao Minist\u00e9rio P\u00fablico do Paran\u00e1. Cabe agora ao \u00f3rg\u00e3o decidir sobre o oferecimento formal da den\u00fancia criminal \u00e0 Justi\u00e7a.<\/p>\n<p>Por Reda\u00e7\u00e3o Acontece<\/p>\n<p>Foto: Pol\u00edcia Civil \/ Divulga\u00e7\u00e3o<\/p>\n","protected":false},"excerpt":{"rendered":"<p>As autoridades policiais do Paran\u00e1 finalizaram, nesta quarta-feira (2), o inqu\u00e9rito referente ao tr\u00e1gico atropelamento que tirou a vida de Tommy Rodrigues Beva, de 36 anos. O condutor do ve\u00edculo de carga foi responsabilizado criminalmente pelo falecimento do motociclista na rodovia PR-151, situada em Ponta Grossa. Detalhes da colis\u00e3o fatal nos Campos Gerais O fato [&hellip;]<\/p>\n","protected":false},"author":0,"featured_media":34369,"comment_status":"open","ping_status":"open","sticky":false,"template":"","format":"standard","meta":{"footnotes":""},"categories":[18],"tags":[],"class_list":["post-34363","post","type-post","status-publish","format-standard","has-post-thumbnail","hentry","category-parana"],"_links":{"self":[{"href":"https:\/\/acontecenafronteira.com.br\/index.php\/wp-json\/wp\/v2\/posts\/34363","targetHints":{"allow":["GET"]}}],"collection":[{"href":"https:\/\/acontecenafronteira.com.br\/index.php\/wp-json\/wp\/v2\/posts"}],"about":[{"href":"https:\/\/acontecenafronteira.com.br\/index.php\/wp-json\/wp\/v2\/types\/post"}],"replies":[{"embeddable":true,"href":"https:\/\/acontecenafronteira.com.br\/index.php\/wp-json\/wp\/v2\/comments?post=34363"}],"version-history":[{"count":1,"href":"https:\/\/acontecenafronteira.com.br\/index.php\/wp-json\/wp\/v2\/posts\/34363\/revisions"}],"predecessor-version":[{"id":34368,"href":"https:\/\/acontecenafronteira.com.br\/index.php\/wp-json\/wp\/v2\/posts\/34363\/revisions\/34368"}],"wp:featuredmedia":[{"embeddable":true,"href":"https:\/\/acontecenafronteira.com.br\/index.php\/wp-json\/wp\/v2\/media\/34369"}],"wp:attachment":[{"href":"https:\/\/acontecenafronteira.com.br\/index.php\/wp-json\/wp\/v2\/media?parent=34363"}],"wp:term":[{"taxonomy":"category","embeddable":true,"href":"https:\/\/acontecenafronteira.com.br\/index.php\/wp-json\/wp\/v2\/categories?post=34363"},{"taxonomy":"post_tag","embeddable":true,"href":"https:\/\/acontecenafronteira.com.br\/index.php\/wp-json\/wp\/v2\/tags?post=34363"}],"curies":[{"name":"wp","href":"https:\/\/api.w.org\/{rel}","templated":true}]}}