{"id":34362,"date":"2026-09-03T08:36:21","date_gmt":"2026-09-03T11:36:21","guid":{"rendered":"https:\/\/acontecenafronteira.com.br\/?p=34362"},"modified":"2026-09-03T08:36:21","modified_gmt":"2026-09-03T11:36:21","slug":"cataratas-do-iguacu-tem-vazao-5-vezes-maior-que-o-normal","status":"publish","type":"post","link":"https:\/\/acontecenafronteira.com.br\/index.php\/2026\/09\/03\/cataratas-do-iguacu-tem-vazao-5-vezes-maior-que-o-normal\/","title":{"rendered":"Cataratas do Igua\u00e7u t\u00eam vaz\u00e3o 5 vezes maior que o normal"},"content":{"rendered":"<p>A vaz\u00e3o das Cataratas do Igua\u00e7u, localizadas em Foz do Igua\u00e7u, no Oeste do Paran\u00e1, surpreendeu turistas e moradores ao atingir um patamar mais de cinco vezes superior \u00e0 m\u00e9dia hist\u00f3rica nesta quinta-feira (3). De acordo com dados oficiais da Companhia Paranaense de Energia (Copel), os registros apontaram um fluxo impressionante de 7,75 milh\u00f5es de litros de \u00e1gua por segundo logo nas primeiras horas da manh\u00e3, por volta das 7h.<\/p>\n<h2>Motivos para o aumento no volume<\/h2>\n<p>Esse volume colossal representa cerca de 5,2 vezes o fluxo considerado normal para o principal cart\u00e3o-postal da regi\u00e3o, cuja m\u00e9dia padr\u00e3o fica na casa de 1,5 milh\u00e3o de litros por segundo. O fen\u00f4meno extraordin\u00e1rio \u00e9 resultado direto das fortes precipita\u00e7\u00f5es registradas ao longo da bacia hidrogr\u00e1fica do Rio Igua\u00e7u, cujas nascentes ficam na Regi\u00e3o Metropolitana de Curitiba, atravessando todo o estado no sentido leste-oeste at\u00e9 desaguar na fronteira entre o Brasil e a Argentina.<\/p>\n<h2>Impacto das chuvas e situa\u00e7\u00e3o do parque<\/h2>\n<p>As tempestades que atingiram com maior intensidade as regi\u00f5es Sul, Sudoeste e Oeste do territ\u00f3rio paranaense funcionam como o principal motor para essa eleva\u00e7\u00e3o expressiva, j\u00e1 que a \u00e1gua acumulada a centenas de quil\u00f4metros de dist\u00e2ncia des\u00e1gua rapidamente nas quedas. Apesar da grandiosidade do espet\u00e1culo, a concession\u00e1ria Urbia Cataratas, respons\u00e1vel pela administra\u00e7\u00e3o tur\u00edstica no Parque Nacional do Igua\u00e7u, informou que a famosa passarela e todas as demais atra\u00e7\u00f5es do lado brasileiro continuam abertas e operando dentro da normalidade para visita\u00e7\u00e3o p\u00fablica.<\/p>\n<p>Fechamento preventivo por seguran\u00e7a<\/p>\n<p>Vale destacar que o protocolo de seguran\u00e7a do parque estabelece que a passarela s\u00f3 \u00e9 interditada de maneira preventiva quando a vaz\u00e3o de \u00e1gua se aproxima da marca cr\u00edtica de 10 milh\u00f5es de litros por segundo, patamar ainda distante do registrado nesta \u00faltima medi\u00e7\u00e3o.<\/p>\n<h2>Sobre o maior conjunto de quedas do planeta<\/h2>\n<p>As Cataratas do Igua\u00e7u mant\u00eam o t\u00edtulo mundial de maior conjunto de quedas d\u2019\u00e1gua catalogadas, somando 275 saltos impressionantes. A extens\u00e3o total da forma\u00e7\u00e3o chega a 2,7 quil\u00f4metros, dos quais 800 metros est\u00e3o situados em solo brasileiro e 1,9 quil\u00f4metro pertence \u00e0 Argentina, configurando uma divis\u00e3o territorial onde aproximadamente 30% do complexo fica no Brasil e 70% no pa\u00eds vizinho, com a linha divis\u00f3ria oficial delimitada pela Capitania Fluvial. A altura das quedas oscila geralmente entre 40 e 80 metros, podendo superar a barreira dos 100 metros nos per\u00edodos de cheia intensa do Rio Igua\u00e7u.<\/p>\n<p>Por Reda\u00e7\u00e3o Acontece<\/p>\n<p>RPC Foz do Igua\u00e7u<\/p>\n","protected":false},"excerpt":{"rendered":"<p>A vaz\u00e3o das Cataratas do Igua\u00e7u, localizadas em Foz do Igua\u00e7u, no Oeste do Paran\u00e1, surpreendeu turistas e moradores ao atingir um patamar mais de cinco vezes superior \u00e0 m\u00e9dia hist\u00f3rica nesta quinta-feira (3). De acordo com dados oficiais da Companhia Paranaense de Energia (Copel), os registros apontaram um fluxo impressionante de 7,75 milh\u00f5es de [&hellip;]<\/p>\n","protected":false},"author":0,"featured_media":34367,"comment_status":"open","ping_status":"open","sticky":false,"template":"","format":"standard","meta":{"footnotes":""},"categories":[18],"tags":[],"class_list":["post-34362","post","type-post","status-publish","format-standard","has-post-thumbnail","hentry","category-parana"],"_links":{"self":[{"href":"https:\/\/acontecenafronteira.com.br\/index.php\/wp-json\/wp\/v2\/posts\/34362","targetHints":{"allow":["GET"]}}],"collection":[{"href":"https:\/\/acontecenafronteira.com.br\/index.php\/wp-json\/wp\/v2\/posts"}],"about":[{"href":"https:\/\/acontecenafronteira.com.br\/index.php\/wp-json\/wp\/v2\/types\/post"}],"replies":[{"embeddable":true,"href":"https:\/\/acontecenafronteira.com.br\/index.php\/wp-json\/wp\/v2\/comments?post=34362"}],"version-history":[{"count":1,"href":"https:\/\/acontecenafronteira.com.br\/index.php\/wp-json\/wp\/v2\/posts\/34362\/revisions"}],"predecessor-version":[{"id":34366,"href":"https:\/\/acontecenafronteira.com.br\/index.php\/wp-json\/wp\/v2\/posts\/34362\/revisions\/34366"}],"wp:featuredmedia":[{"embeddable":true,"href":"https:\/\/acontecenafronteira.com.br\/index.php\/wp-json\/wp\/v2\/media\/34367"}],"wp:attachment":[{"href":"https:\/\/acontecenafronteira.com.br\/index.php\/wp-json\/wp\/v2\/media?parent=34362"}],"wp:term":[{"taxonomy":"category","embeddable":true,"href":"https:\/\/acontecenafronteira.com.br\/index.php\/wp-json\/wp\/v2\/categories?post=34362"},{"taxonomy":"post_tag","embeddable":true,"href":"https:\/\/acontecenafronteira.com.br\/index.php\/wp-json\/wp\/v2\/tags?post=34362"}],"curies":[{"name":"wp","href":"https:\/\/api.w.org\/{rel}","templated":true}]}}