{"id":34353,"date":"2026-09-03T07:37:19","date_gmt":"2026-09-03T10:37:19","guid":{"rendered":"https:\/\/acontecenafronteira.com.br\/?p=34353"},"modified":"2026-09-03T07:37:19","modified_gmt":"2026-09-03T10:37:19","slug":"alemanha-fecha-consulado-russo-em-bonn-apos-ataque-com-drones","status":"publish","type":"post","link":"https:\/\/acontecenafronteira.com.br\/index.php\/2026\/09\/03\/alemanha-fecha-consulado-russo-em-bonn-apos-ataque-com-drones\/","title":{"rendered":"Alemanha fecha consulado russo em Bonn ap\u00f3s ataque com drones"},"content":{"rendered":"<p>A diplomacia europeia enfrenta um novo momento de forte instabilidade ap\u00f3s a decis\u00e3o da Alemanha de ordenar o fechamento imediato do Consulado-Geral da R\u00fassia na cidade de Bonn. A medida dr\u00e1stica foi adotada por Berlim como retalia\u00e7\u00e3o direta a ind\u00edcios apontados pelas autoridades locais de que o Kremlin estaria por tr\u00e1s de uma tentativa de sabotagem envolvendo drones carregados com explosivos em um aeroporto no leste do territ\u00f3rio alem\u00e3o.<\/p>\n<h2>Ataque frustrado contra infraestrutura cr\u00edtica<\/h2>\n<p>O incidente que motivou a escalada diplom\u00e1tica ocorreu em 4 de agosto, quando dispositivos a\u00e9reos n\u00e3o tripulados contendo material explosivo tentaram atingir uma aeronave de transporte ucraniana modelo An-124 no aeroporto de Leipzig\/Halle. Embora a ofensiva tenha falhado, o governo alem\u00e3o classificou o epis\u00f3dio como o primeiro registro na hist\u00f3ria recente do pa\u00eds de um ataque com drones direcionado contra uma infraestrutura cr\u00edtica nacional.<\/p>\n<p>O chanceler alem\u00e3o, Friedrich Merz, adotou uma postura en\u00e9rgica ao comunicar as san\u00e7\u00f5es, enfatizando que o governo russo precisar\u00e1 arcar com as consequ\u00eancias dos atos. Al\u00e9m da expuls\u00e3o diplom\u00e1tica em Bonn, as autoridades determinaram o encerramento das atividades da Casa Russa, um importante centro cultural localizado em Berlim, acompanhado por um rigoroso refor\u00e7o na vigil\u00e2ncia contra opera\u00e7\u00f5es de intelig\u00eancia estrangeiras.<\/p>\n<h2>Peso hist\u00f3rico e impacto na comunidade russa<\/h2>\n<p>A unidade consular em Bonn possui profunda relev\u00e2ncia hist\u00f3rica, tendo servido como representa\u00e7\u00e3o diplom\u00e1tica da Uni\u00e3o Sovi\u00e9tica na \u00e9poca em que a cidade funcionava como capital da Alemanha Ocidental. Com a mudan\u00e7a da capital para Berlim no final da d\u00e9cada de 1990, o local foi reconfigurado para atuar como consulado.<\/p>\n<p>A suspens\u00e3o abrupta dos servi\u00e7os consulares gera transtornos imediatos para milhares de cidad\u00e3os russos residentes na regi\u00e3o, que perderam o suporte para emiss\u00e3o de documentos e tiveram seus agendamentos cancelados. O complexo tamb\u00e9m funcionaria como ponto de vota\u00e7\u00e3o para as elei\u00e7\u00f5es da Duma, a c\u00e2mara baixa do Parlamento russo, interrompendo a participa\u00e7\u00e3o de eleitores expatriados que costumavam comparecer ao local em milhares.<\/p>\n<h2>Preocupa\u00e7\u00f5es com espionagem e investiga\u00e7\u00f5es<\/h2>\n<p>As autoridades de seguran\u00e7a alem\u00e3s j\u00e1 vinham monitorando o consulado de Bonn devido a suspeitas recorrentes de atividades de espionagem. A representa\u00e7\u00e3o esteve associada a investiga\u00e7\u00f5es criminais envolvendo o recrutamento de um ex-oficial das For\u00e7as Armadas da Alemanha, condenado por repassar informa\u00e7\u00f5es sens\u00edveis ao governo russo, aproveitando-se da proximidade geogr\u00e1fica com bases militares estrat\u00e9gicas e instala\u00e7\u00f5es da Otan.<\/p>\n<p>Em resposta \u00e0s acusa\u00e7\u00f5es, Moscou negou veementemente qualquer envolvimento no planejamento do ataque em Leipzig, com o presidente Vladimir Putin classificando a postura alem\u00e3 como uma tentativa infundada de desviar o foco de crises dom\u00e9sticas. Como retalia\u00e7\u00e3o imediata, o Kremlin convocou representantes diplom\u00e1ticos da Alemanha e ordenou o fechamento das sedes do Goethe-Institut em territ\u00f3rio russo, aprofundando o isolamento e a tens\u00e3o entre as duas na\u00e7\u00f5es no contexto do conflito na Ucr\u00e2nia.<\/p>\n<p>Por Reda\u00e7\u00e3o Acontece<\/p>\n<p>Cr\u00e9ditos da imagem: Reprodu\u00e7\u00e3o \/ Divulga\u00e7\u00e3o<\/p>\n","protected":false},"excerpt":{"rendered":"<p>A diplomacia europeia enfrenta um novo momento de forte instabilidade ap\u00f3s a decis\u00e3o da Alemanha de ordenar o fechamento imediato do Consulado-Geral da R\u00fassia na cidade de Bonn. A medida dr\u00e1stica foi adotada por Berlim como retalia\u00e7\u00e3o direta a ind\u00edcios apontados pelas autoridades locais de que o Kremlin estaria por tr\u00e1s de uma tentativa de [&hellip;]<\/p>\n","protected":false},"author":0,"featured_media":34361,"comment_status":"open","ping_status":"open","sticky":false,"template":"","format":"standard","meta":{"footnotes":""},"categories":[6],"tags":[],"class_list":["post-34353","post","type-post","status-publish","format-standard","has-post-thumbnail","hentry","category-mercosul"],"_links":{"self":[{"href":"https:\/\/acontecenafronteira.com.br\/index.php\/wp-json\/wp\/v2\/posts\/34353","targetHints":{"allow":["GET"]}}],"collection":[{"href":"https:\/\/acontecenafronteira.com.br\/index.php\/wp-json\/wp\/v2\/posts"}],"about":[{"href":"https:\/\/acontecenafronteira.com.br\/index.php\/wp-json\/wp\/v2\/types\/post"}],"replies":[{"embeddable":true,"href":"https:\/\/acontecenafronteira.com.br\/index.php\/wp-json\/wp\/v2\/comments?post=34353"}],"version-history":[{"count":1,"href":"https:\/\/acontecenafronteira.com.br\/index.php\/wp-json\/wp\/v2\/posts\/34353\/revisions"}],"predecessor-version":[{"id":34360,"href":"https:\/\/acontecenafronteira.com.br\/index.php\/wp-json\/wp\/v2\/posts\/34353\/revisions\/34360"}],"wp:featuredmedia":[{"embeddable":true,"href":"https:\/\/acontecenafronteira.com.br\/index.php\/wp-json\/wp\/v2\/media\/34361"}],"wp:attachment":[{"href":"https:\/\/acontecenafronteira.com.br\/index.php\/wp-json\/wp\/v2\/media?parent=34353"}],"wp:term":[{"taxonomy":"category","embeddable":true,"href":"https:\/\/acontecenafronteira.com.br\/index.php\/wp-json\/wp\/v2\/categories?post=34353"},{"taxonomy":"post_tag","embeddable":true,"href":"https:\/\/acontecenafronteira.com.br\/index.php\/wp-json\/wp\/v2\/tags?post=34353"}],"curies":[{"name":"wp","href":"https:\/\/api.w.org\/{rel}","templated":true}]}}