{"id":34351,"date":"2026-09-03T07:37:03","date_gmt":"2026-09-03T10:37:03","guid":{"rendered":"https:\/\/acontecenafronteira.com.br\/?p=34351"},"modified":"2026-09-03T07:37:03","modified_gmt":"2026-09-03T10:37:03","slug":"morre-jimmy-batten-ex-campeao-britanico-de-boxe-aos-70-anos","status":"publish","type":"post","link":"https:\/\/acontecenafronteira.com.br\/index.php\/2026\/09\/03\/morre-jimmy-batten-ex-campeao-britanico-de-boxe-aos-70-anos\/","title":{"rendered":"Morre Jimmy Batten, ex-campe\u00e3o brit\u00e2nico de boxe, aos 70 anos"},"content":{"rendered":"<p>O ex-pugilista Jimmy Batten faleceu na \u00faltima quarta-feira (2\/9), aos 70 anos de idade. O antigo campe\u00e3o brit\u00e2nico enfrentava complica\u00e7\u00f5es de sa\u00fade decorrentes da doen\u00e7a de Parkinson e de les\u00f5es cerebrais acumuladas ao longo de sua trajet\u00f3ria profissional nos ringues.<\/p>\n<h2>Legado nos ringues<\/h2>\n<p>Batendo forte nas d\u00e9cadas de 1970 e 1980, Jimmy consolidou seu nome na hist\u00f3ria do esporte nacional. Ele conquistou por duas vezes o cintur\u00e3o brit\u00e2nico dos meio-m\u00e9dios, per\u00edodo em que defendeu com sucesso o t\u00edtulo por quase tr\u00eas anos consecutivos.<\/p>\n<p>Um dos momentos mais marcantes de sua carreira foi o combate memor\u00e1vel contra o lend\u00e1rio lutador panamenho Roberto Dur\u00e1n, consolidando sua reputa\u00e7\u00e3o internacional.<\/p>\n<h2>Carreira art\u00edstica e outras paix\u00f5es<\/h2>\n<p>Ap\u00f3s pendurar as luvas, o ex-atleta demonstrou versatilidade ao arriscar-se no mundo art\u00edstico. Ele realizou participa\u00e7\u00f5es especiais na famosa s\u00e9rie televisiva The Bill e integrou o elenco do filme Os Krays.<\/p>\n<p>Al\u00e9m da atua\u00e7\u00e3o, Batten trabalhou como comediante de stand-up e atuou como porteiro. Nos \u00faltimos anos, retornou \u00e0s suas origens ao dedicar-se a treinar novos talentos na modalidade.<\/p>\n<p>Por Reda\u00e7\u00e3o Acontece<\/p>\n<p>Cr\u00e9ditos da imagem: Reprodu\u00e7\u00e3o<\/p>\n","protected":false},"excerpt":{"rendered":"<p>O ex-pugilista Jimmy Batten faleceu na \u00faltima quarta-feira (2\/9), aos 70 anos de idade. O antigo campe\u00e3o brit\u00e2nico enfrentava complica\u00e7\u00f5es de sa\u00fade decorrentes da doen\u00e7a de Parkinson e de les\u00f5es cerebrais acumuladas ao longo de sua trajet\u00f3ria profissional nos ringues. Legado nos ringues Batendo forte nas d\u00e9cadas de 1970 e 1980, Jimmy consolidou seu nome [&hellip;]<\/p>\n","protected":false},"author":0,"featured_media":34357,"comment_status":"open","ping_status":"open","sticky":false,"template":"","format":"standard","meta":{"footnotes":""},"categories":[6],"tags":[],"class_list":["post-34351","post","type-post","status-publish","format-standard","has-post-thumbnail","hentry","category-mercosul"],"_links":{"self":[{"href":"https:\/\/acontecenafronteira.com.br\/index.php\/wp-json\/wp\/v2\/posts\/34351","targetHints":{"allow":["GET"]}}],"collection":[{"href":"https:\/\/acontecenafronteira.com.br\/index.php\/wp-json\/wp\/v2\/posts"}],"about":[{"href":"https:\/\/acontecenafronteira.com.br\/index.php\/wp-json\/wp\/v2\/types\/post"}],"replies":[{"embeddable":true,"href":"https:\/\/acontecenafronteira.com.br\/index.php\/wp-json\/wp\/v2\/comments?post=34351"}],"version-history":[{"count":1,"href":"https:\/\/acontecenafronteira.com.br\/index.php\/wp-json\/wp\/v2\/posts\/34351\/revisions"}],"predecessor-version":[{"id":34356,"href":"https:\/\/acontecenafronteira.com.br\/index.php\/wp-json\/wp\/v2\/posts\/34351\/revisions\/34356"}],"wp:featuredmedia":[{"embeddable":true,"href":"https:\/\/acontecenafronteira.com.br\/index.php\/wp-json\/wp\/v2\/media\/34357"}],"wp:attachment":[{"href":"https:\/\/acontecenafronteira.com.br\/index.php\/wp-json\/wp\/v2\/media?parent=34351"}],"wp:term":[{"taxonomy":"category","embeddable":true,"href":"https:\/\/acontecenafronteira.com.br\/index.php\/wp-json\/wp\/v2\/categories?post=34351"},{"taxonomy":"post_tag","embeddable":true,"href":"https:\/\/acontecenafronteira.com.br\/index.php\/wp-json\/wp\/v2\/tags?post=34351"}],"curies":[{"name":"wp","href":"https:\/\/api.w.org\/{rel}","templated":true}]}}