{"id":34340,"date":"2026-09-03T07:36:28","date_gmt":"2026-09-03T10:36:28","guid":{"rendered":"https:\/\/acontecenafronteira.com.br\/?p=34340"},"modified":"2026-09-03T07:36:28","modified_gmt":"2026-09-03T10:36:28","slug":"filhotes-raros-de-leopardo-das-neves-exploram-zoologico","status":"publish","type":"post","link":"https:\/\/acontecenafronteira.com.br\/index.php\/2026\/09\/03\/filhotes-raros-de-leopardo-das-neves-exploram-zoologico\/","title":{"rendered":"Filhotes raros de leopardo-das-neves exploram zool\u00f3gico"},"content":{"rendered":"<p>Com treze semanas de vida, dois raros <strong>filhotes de leopardo-das-neves<\/strong> deixaram a toca pela primeira vez no Zool\u00f3gico de Marwell, localizado na Inglaterra. Os animais deram seus primeiros passos ao ar livre ap\u00f3s completarem o ciclo da segunda rodada de vacina\u00e7\u00e3o e passarem por exames m\u00e9dicos.<\/p>\n<h2>Nomes inspirados e contexto hist\u00f3rico<\/h2>\n<p>O macho foi batizado de Momo, que significa &#8220;bolinho&#8221; na l\u00edngua tibetana, enquanto a f\u00eamea recebeu o nome de Nima, traduzido como &#8220;sol&#8221;. Nascidos em maio, os irm\u00e3os s\u00e3o frutos da rela\u00e7\u00e3o entre Zaya, de tr\u00eas anos, e Warjun, de quatro. O nascimento marca um momento hist\u00f3rico para o parque brit\u00e2nico, pois \u00e9 a primeira vez em 13 anos que a institui\u00e7\u00e3o registra filhotes dessa esp\u00e9cie.<\/p>\n<h2>Desenvolvimento e sa\u00fade dos animais<\/h2>\n<p>De acordo com Ashleigh Ball, tratadora s\u00eanior de carn\u00edvoros do zool\u00f3gico, os pequenos felinos foram aprovados com louvor em um check-up geral.<\/p>\n<p>Conforme ganham independ\u00eancia, os animais demonstram mais ousadia para conhecer o recinto externo.<\/p>\n<h2>Desafios para a conserva\u00e7\u00e3o da esp\u00e9cie<\/h2>\n<p>A Uni\u00e3o Internacional para a Conserva\u00e7\u00e3o da Natureza (IUCN) classifica o leopardo-das-neves como uma esp\u00e9cie <strong>vulner\u00e1vel<\/strong> em sua Lista Vermelha.<\/p>\n<p>A sobreviv\u00eancia desses animais na natureza \u00e9 constantemente amea\u00e7ada pelas mudan\u00e7as clim\u00e1ticas, avan\u00e7o de infraestruturas, estradas e press\u00f5es exercidas pela atividade agr\u00edcola.<\/p>\n<p>Atualmente, especialistas estimam que apenas cerca de 3 mil exemplares continuem vivendo de forma livre em habitats naturais, divididos em pequenos grupos isolados pelas cadeias montanhosas da \u00c1sia Central e do Sul.<\/p>\n<p>Por Reda\u00e7\u00e3o Acontece<\/p>\n<p>Divulga\u00e7\u00e3o\/Zool\u00f3gico de Marwell<\/p>\n","protected":false},"excerpt":{"rendered":"<p>Com treze semanas de vida, dois raros filhotes de leopardo-das-neves deixaram a toca pela primeira vez no Zool\u00f3gico de Marwell, localizado na Inglaterra. Os animais deram seus primeiros passos ao ar livre ap\u00f3s completarem o ciclo da segunda rodada de vacina\u00e7\u00e3o e passarem por exames m\u00e9dicos. Nomes inspirados e contexto hist\u00f3rico O macho foi batizado [&hellip;]<\/p>\n","protected":false},"author":0,"featured_media":34347,"comment_status":"open","ping_status":"open","sticky":false,"template":"","format":"standard","meta":{"footnotes":""},"categories":[28],"tags":[],"class_list":["post-34340","post","type-post","status-publish","format-standard","has-post-thumbnail","hentry","category-mundo"],"_links":{"self":[{"href":"https:\/\/acontecenafronteira.com.br\/index.php\/wp-json\/wp\/v2\/posts\/34340","targetHints":{"allow":["GET"]}}],"collection":[{"href":"https:\/\/acontecenafronteira.com.br\/index.php\/wp-json\/wp\/v2\/posts"}],"about":[{"href":"https:\/\/acontecenafronteira.com.br\/index.php\/wp-json\/wp\/v2\/types\/post"}],"replies":[{"embeddable":true,"href":"https:\/\/acontecenafronteira.com.br\/index.php\/wp-json\/wp\/v2\/comments?post=34340"}],"version-history":[{"count":1,"href":"https:\/\/acontecenafronteira.com.br\/index.php\/wp-json\/wp\/v2\/posts\/34340\/revisions"}],"predecessor-version":[{"id":34346,"href":"https:\/\/acontecenafronteira.com.br\/index.php\/wp-json\/wp\/v2\/posts\/34340\/revisions\/34346"}],"wp:featuredmedia":[{"embeddable":true,"href":"https:\/\/acontecenafronteira.com.br\/index.php\/wp-json\/wp\/v2\/media\/34347"}],"wp:attachment":[{"href":"https:\/\/acontecenafronteira.com.br\/index.php\/wp-json\/wp\/v2\/media?parent=34340"}],"wp:term":[{"taxonomy":"category","embeddable":true,"href":"https:\/\/acontecenafronteira.com.br\/index.php\/wp-json\/wp\/v2\/categories?post=34340"},{"taxonomy":"post_tag","embeddable":true,"href":"https:\/\/acontecenafronteira.com.br\/index.php\/wp-json\/wp\/v2\/tags?post=34340"}],"curies":[{"name":"wp","href":"https:\/\/api.w.org\/{rel}","templated":true}]}}