{"id":34339,"date":"2026-09-03T07:36:16","date_gmt":"2026-09-03T10:36:16","guid":{"rendered":"https:\/\/acontecenafronteira.com.br\/?p=34339"},"modified":"2026-09-03T07:36:16","modified_gmt":"2026-09-03T10:36:16","slug":"estudante-da-ufrj-e-agredido-e-sofre-linchamento-em-campus","status":"publish","type":"post","link":"https:\/\/acontecenafronteira.com.br\/index.php\/2026\/09\/03\/estudante-da-ufrj-e-agredido-e-sofre-linchamento-em-campus\/","title":{"rendered":"Estudante da UFRJ \u00e9 agredido e sofre linchamento em campus"},"content":{"rendered":"<p>Um epis\u00f3dio de viol\u00eancia extrema chocou a comunidade acad\u00eamica do Rio de Janeiro recentemente, quando um aluno da Universidade Federal do Rio de Janeiro foi alvo de um violento ataque dentro das depend\u00eancias da institui\u00e7\u00e3o de ensino.<\/p>\n<h2>A din\u00e2mica da agress\u00e3o na universidade<\/h2>\n<p>O incidente teve in\u00edcio quando um discente invadiu uma sala de aula, deu voz de pris\u00e3o ao colega e o obrigou a deixar o local. Em seguida, a v\u00edtima foi submetida a agress\u00f5es f\u00edsicas severas que se estenderam pelas escadarias, alcan\u00e7aram o p\u00e1tio e continuaram na parte externa da faculdade.<\/p>\n<h2>Rea\u00e7\u00e3o de testemunhas e contexto do caso<\/h2>\n<p>Durante o espancamento, um grupo de estudantes se formou ao redor da confus\u00e3o e acompanhou o espancamento entoando gritos de protesto, incluindo palavras de ordem contra a v\u00edtima, evidenciando o clima de forte polariza\u00e7\u00e3o que culminou na viol\u00eancia f\u00edsica generalizada.<\/p>\n<p>O caso gerou repercuss\u00e3o imediata e intensa preocupa\u00e7\u00e3o quanto \u00e0 seguran\u00e7a e \u00e0 integridade f\u00edsica de alunos e professores dentro dos campi universit\u00e1rios brasileiros diante de epis\u00f3dios de intoler\u00e2ncia e conflitos ideol\u00f3gicos.<\/p>\n<p>Por Reda\u00e7\u00e3o Acontece<\/p>\n<p>Cr\u00e9ditos da imagem: Divulga\u00e7\u00e3o<\/p>\n","protected":false},"excerpt":{"rendered":"<p>Um epis\u00f3dio de viol\u00eancia extrema chocou a comunidade acad\u00eamica do Rio de Janeiro recentemente, quando um aluno da Universidade Federal do Rio de Janeiro foi alvo de um violento ataque dentro das depend\u00eancias da institui\u00e7\u00e3o de ensino. A din\u00e2mica da agress\u00e3o na universidade O incidente teve in\u00edcio quando um discente invadiu uma sala de aula, [&hellip;]<\/p>\n","protected":false},"author":0,"featured_media":34345,"comment_status":"open","ping_status":"open","sticky":false,"template":"","format":"standard","meta":{"footnotes":""},"categories":[28],"tags":[],"class_list":["post-34339","post","type-post","status-publish","format-standard","has-post-thumbnail","hentry","category-mundo"],"_links":{"self":[{"href":"https:\/\/acontecenafronteira.com.br\/index.php\/wp-json\/wp\/v2\/posts\/34339","targetHints":{"allow":["GET"]}}],"collection":[{"href":"https:\/\/acontecenafronteira.com.br\/index.php\/wp-json\/wp\/v2\/posts"}],"about":[{"href":"https:\/\/acontecenafronteira.com.br\/index.php\/wp-json\/wp\/v2\/types\/post"}],"replies":[{"embeddable":true,"href":"https:\/\/acontecenafronteira.com.br\/index.php\/wp-json\/wp\/v2\/comments?post=34339"}],"version-history":[{"count":1,"href":"https:\/\/acontecenafronteira.com.br\/index.php\/wp-json\/wp\/v2\/posts\/34339\/revisions"}],"predecessor-version":[{"id":34344,"href":"https:\/\/acontecenafronteira.com.br\/index.php\/wp-json\/wp\/v2\/posts\/34339\/revisions\/34344"}],"wp:featuredmedia":[{"embeddable":true,"href":"https:\/\/acontecenafronteira.com.br\/index.php\/wp-json\/wp\/v2\/media\/34345"}],"wp:attachment":[{"href":"https:\/\/acontecenafronteira.com.br\/index.php\/wp-json\/wp\/v2\/media?parent=34339"}],"wp:term":[{"taxonomy":"category","embeddable":true,"href":"https:\/\/acontecenafronteira.com.br\/index.php\/wp-json\/wp\/v2\/categories?post=34339"},{"taxonomy":"post_tag","embeddable":true,"href":"https:\/\/acontecenafronteira.com.br\/index.php\/wp-json\/wp\/v2\/tags?post=34339"}],"curies":[{"name":"wp","href":"https:\/\/api.w.org\/{rel}","templated":true}]}}