{"id":34338,"date":"2026-09-03T07:36:11","date_gmt":"2026-09-03T10:36:11","guid":{"rendered":"https:\/\/acontecenafronteira.com.br\/?p=34338"},"modified":"2026-09-03T07:36:11","modified_gmt":"2026-09-03T10:36:11","slug":"edin-dzeko-anuncia-aposentadoria-da-selecao-da-bosnia-aos-40","status":"publish","type":"post","link":"https:\/\/acontecenafronteira.com.br\/index.php\/2026\/09\/03\/edin-dzeko-anuncia-aposentadoria-da-selecao-da-bosnia-aos-40\/","title":{"rendered":"Edin Dzeko anuncia aposentadoria da sele\u00e7\u00e3o da B\u00f3snia aos 40"},"content":{"rendered":"<p>O maior artilheiro da hist\u00f3ria da B\u00f3snia e Herzegovina, Edin D\u017eeko, confirmou que pendurar\u00e1 as chuteiras pela equipe nacional no dia 2 de outubro, em partida contra a Su\u00e9cia pela Liga das Na\u00e7\u00f5es. Aos 40 anos, o veterano atacante encerra uma jornada de quase vinte anos defendendo o selecionado de seu pa\u00eds, com in\u00edcio registrado em 2007.<\/p>\n<h2>Fim de uma era no futebol b\u00f3snio<\/h2>\n<p>Lideran\u00e7a t\u00e9cnica e capit\u00e3o absoluto da sele\u00e7\u00e3o, o centroavante acumula 162 apari\u00e7\u00f5es e 73 bolas na rede, marcas que o consolidam de forma isolada como o atleta com mais partidas e tentos na hist\u00f3ria da B\u00f3snia. O adeus oficial ocorrer\u00e1 diante de seus torcedores, dias antes de um compromisso posterior diante da Pol\u00f4nia.<\/p>\n<p>O an\u00fancio oficial foi feito por meio de um comunicado emocionado nas redes sociais do atleta. Na publica\u00e7\u00e3o, o jogador revelou que, embora tenha imaginado o encerramento de ciclo diversas vezes, vivenciar a concretiza\u00e7\u00e3o foi um desafio emocional consider\u00e1vel.<\/p>\n<h2>Legado hist\u00f3rico e Copas do Mundo<\/h2>\n<p>A estreia pelo selecionado principal ocorreu em 2007, tornando-se o principal pilar da fase \u00e1urea do esporte no pa\u00eds. O ponto alto dessa trajet\u00f3ria aconteceu nas Eliminat\u00f3rias para a Copa do Mundo de 2014, quando liderou o grupo na in\u00e9dita classifica\u00e7\u00e3o para um Mundial desde a independ\u00eancia da na\u00e7\u00e3o.<\/p>\n<p>Anos mais tarde, o atleta repetiu o protagonismo ao balan\u00e7ar as redes seis vezes nas Eliminat\u00f3rias, conduzindo o time \u00e0 segunda participa\u00e7\u00e3o em Copas da hist\u00f3ria nacional, onde exerceu a fun\u00e7\u00e3o de capit\u00e3o at\u00e9 a elimina\u00e7\u00e3o frente aos Estados Unidos.<\/p>\n<p>Justificando a decis\u00e3o, o centroavante destacou que o instante de renova\u00e7\u00e3o e abertura de espa\u00e7o para os mais jovens finalmente chegou, definindo a trajet\u00f3ria com a camisa nacional como a viv\u00eancia mais emocionante de toda a sua carreira nos gramados.<\/p>\n<p>Por Reda\u00e7\u00e3o Acontece<\/p>\n<p>Cr\u00e9ditos da imagem: Divulga\u00e7\u00e3o<\/p>\n","protected":false},"excerpt":{"rendered":"<p>O maior artilheiro da hist\u00f3ria da B\u00f3snia e Herzegovina, Edin D\u017eeko, confirmou que pendurar\u00e1 as chuteiras pela equipe nacional no dia 2 de outubro, em partida contra a Su\u00e9cia pela Liga das Na\u00e7\u00f5es. Aos 40 anos, o veterano atacante encerra uma jornada de quase vinte anos defendendo o selecionado de seu pa\u00eds, com in\u00edcio registrado [&hellip;]<\/p>\n","protected":false},"author":0,"featured_media":34343,"comment_status":"open","ping_status":"open","sticky":false,"template":"","format":"standard","meta":{"footnotes":""},"categories":[28],"tags":[],"class_list":["post-34338","post","type-post","status-publish","format-standard","has-post-thumbnail","hentry","category-mundo"],"_links":{"self":[{"href":"https:\/\/acontecenafronteira.com.br\/index.php\/wp-json\/wp\/v2\/posts\/34338","targetHints":{"allow":["GET"]}}],"collection":[{"href":"https:\/\/acontecenafronteira.com.br\/index.php\/wp-json\/wp\/v2\/posts"}],"about":[{"href":"https:\/\/acontecenafronteira.com.br\/index.php\/wp-json\/wp\/v2\/types\/post"}],"replies":[{"embeddable":true,"href":"https:\/\/acontecenafronteira.com.br\/index.php\/wp-json\/wp\/v2\/comments?post=34338"}],"version-history":[{"count":1,"href":"https:\/\/acontecenafronteira.com.br\/index.php\/wp-json\/wp\/v2\/posts\/34338\/revisions"}],"predecessor-version":[{"id":34342,"href":"https:\/\/acontecenafronteira.com.br\/index.php\/wp-json\/wp\/v2\/posts\/34338\/revisions\/34342"}],"wp:featuredmedia":[{"embeddable":true,"href":"https:\/\/acontecenafronteira.com.br\/index.php\/wp-json\/wp\/v2\/media\/34343"}],"wp:attachment":[{"href":"https:\/\/acontecenafronteira.com.br\/index.php\/wp-json\/wp\/v2\/media?parent=34338"}],"wp:term":[{"taxonomy":"category","embeddable":true,"href":"https:\/\/acontecenafronteira.com.br\/index.php\/wp-json\/wp\/v2\/categories?post=34338"},{"taxonomy":"post_tag","embeddable":true,"href":"https:\/\/acontecenafronteira.com.br\/index.php\/wp-json\/wp\/v2\/tags?post=34338"}],"curies":[{"name":"wp","href":"https:\/\/api.w.org\/{rel}","templated":true}]}}