{"id":34319,"date":"2026-09-03T06:36:55","date_gmt":"2026-09-03T09:36:55","guid":{"rendered":"https:\/\/acontecenafronteira.com.br\/?p=34319"},"modified":"2026-09-03T06:36:55","modified_gmt":"2026-09-03T09:36:55","slug":"feira-da-agricultura-familiar-retorna-a-ceasa-rj-apos-7-anos","status":"publish","type":"post","link":"https:\/\/acontecenafronteira.com.br\/index.php\/2026\/09\/03\/feira-da-agricultura-familiar-retorna-a-ceasa-rj-apos-7-anos\/","title":{"rendered":"Feira da Agricultura Familiar retorna \u00e0 Ceasa RJ ap\u00f3s 7 anos"},"content":{"rendered":"<p>A tradicional Feira da Agricultura Familiar e Economia Solid\u00e1ria est\u00e1 oficialmente de volta \u00e0 Central de Abastecimento do Rio de Janeiro (Ceasa), situada em Iraj\u00e1, na Zona Norte da capital fluminense. O evento, que permaneceu suspenso por um per\u00edodo de sete anos, retomou suas atividades no \u00faltimo s\u00e1bado, ocupando o Pavilh\u00e3o 30 com a presen\u00e7a de diversos produtores rurais de v\u00e1rias cidades do estado.<\/p>\n<h2>Retomada do setor produtivo fluminense<\/h2>\n<p>O principal prop\u00f3sito da iniciativa \u00e9 impulsionar a economia local, dar visibilidade aos agricultores da regi\u00e3o e fomentar o consumo sustent\u00e1vel. Com um total de 13 estandes montados no local, o p\u00fablico que visitou a reinaugura\u00e7\u00e3o teve acesso a uma ampla gama de mercadorias vindas diretamente do campo.<\/p>\n<p>Entre as op\u00e7\u00f5es dispon\u00edveis para compra, destacam-se os alimentos org\u00e2nicos cultivados sem agrot\u00f3xicos, pratos t\u00edpicos da gastronomia regional, al\u00e9m de variadas esp\u00e9cies de plantas ornamentais e pe\u00e7as exclusivas de artesanato feitas por trabalhadores locais.<\/p>\n<h2>Servi\u00e7o e programa\u00e7\u00e3o cultural<\/h2>\n<p>Para animar as compras, a programa\u00e7\u00e3o contou com a apresenta\u00e7\u00e3o ao vivo de um tecladista, que executou sucessos da m\u00fasica nacional para os frequentadores. A inten\u00e7\u00e3o dos organizadores \u00e9 consolidar o evento n\u00e3o apenas como um polo comercial, mas tamb\u00e9m como um espa\u00e7o de lazer, entretenimento e conviv\u00eancia para fam\u00edlias e amigos.<\/p>\n<p>O funcionamento da feira ocorrer\u00e1 semanalmente, sempre aos s\u00e1bados. A pr\u00f3xima edi\u00e7\u00e3o j\u00e1 tem data marcada para o dia 5 de setembro, com hor\u00e1rio estipulado das 8h \u00e0s 14h, no mesmo Pavilh\u00e3o 30 da Ceasa.<\/p>\n<p>A reabertura deste espa\u00e7o refor\u00e7a o compromisso com o com\u00e9rcio justo e cria um novo ponto de encontro dedicado \u00e0 cultura e \u00e0 valoriza\u00e7\u00e3o do pequeno produtor rural no Rio de Janeiro.<\/p>\n<p>Por Reda\u00e7\u00e3o Acontece<\/p>\n<p>Cr\u00e9ditos da imagem: Divulga\u00e7\u00e3o \/ Ceasa RJ<\/p>\n","protected":false},"excerpt":{"rendered":"<p>A tradicional Feira da Agricultura Familiar e Economia Solid\u00e1ria est\u00e1 oficialmente de volta \u00e0 Central de Abastecimento do Rio de Janeiro (Ceasa), situada em Iraj\u00e1, na Zona Norte da capital fluminense. O evento, que permaneceu suspenso por um per\u00edodo de sete anos, retomou suas atividades no \u00faltimo s\u00e1bado, ocupando o Pavilh\u00e3o 30 com a presen\u00e7a [&hellip;]<\/p>\n","protected":false},"author":0,"featured_media":34326,"comment_status":"open","ping_status":"open","sticky":false,"template":"","format":"standard","meta":{"footnotes":""},"categories":[28],"tags":[],"class_list":["post-34319","post","type-post","status-publish","format-standard","has-post-thumbnail","hentry","category-mundo"],"_links":{"self":[{"href":"https:\/\/acontecenafronteira.com.br\/index.php\/wp-json\/wp\/v2\/posts\/34319","targetHints":{"allow":["GET"]}}],"collection":[{"href":"https:\/\/acontecenafronteira.com.br\/index.php\/wp-json\/wp\/v2\/posts"}],"about":[{"href":"https:\/\/acontecenafronteira.com.br\/index.php\/wp-json\/wp\/v2\/types\/post"}],"replies":[{"embeddable":true,"href":"https:\/\/acontecenafronteira.com.br\/index.php\/wp-json\/wp\/v2\/comments?post=34319"}],"version-history":[{"count":1,"href":"https:\/\/acontecenafronteira.com.br\/index.php\/wp-json\/wp\/v2\/posts\/34319\/revisions"}],"predecessor-version":[{"id":34325,"href":"https:\/\/acontecenafronteira.com.br\/index.php\/wp-json\/wp\/v2\/posts\/34319\/revisions\/34325"}],"wp:featuredmedia":[{"embeddable":true,"href":"https:\/\/acontecenafronteira.com.br\/index.php\/wp-json\/wp\/v2\/media\/34326"}],"wp:attachment":[{"href":"https:\/\/acontecenafronteira.com.br\/index.php\/wp-json\/wp\/v2\/media?parent=34319"}],"wp:term":[{"taxonomy":"category","embeddable":true,"href":"https:\/\/acontecenafronteira.com.br\/index.php\/wp-json\/wp\/v2\/categories?post=34319"},{"taxonomy":"post_tag","embeddable":true,"href":"https:\/\/acontecenafronteira.com.br\/index.php\/wp-json\/wp\/v2\/tags?post=34319"}],"curies":[{"name":"wp","href":"https:\/\/api.w.org\/{rel}","templated":true}]}}