{"id":34318,"date":"2026-09-03T06:36:25","date_gmt":"2026-09-03T09:36:25","guid":{"rendered":"https:\/\/acontecenafronteira.com.br\/?p=34318"},"modified":"2026-09-03T06:36:25","modified_gmt":"2026-09-03T09:36:25","slug":"gol-amplia-voos-na-nova-rota-entre-rio-de-janeiro-e-lisboa","status":"publish","type":"post","link":"https:\/\/acontecenafronteira.com.br\/index.php\/2026\/09\/03\/gol-amplia-voos-na-nova-rota-entre-rio-de-janeiro-e-lisboa\/","title":{"rendered":"Gol amplia voos na nova rota entre Rio de Janeiro e Lisboa"},"content":{"rendered":"<p>A companhia a\u00e9rea Gol tomou a decis\u00e3o de expandir a oferta de voos em sua rota mais recente que conecta o Rio de Janeiro a Lisboa, capital de Portugal.<\/p>\n<h2>Aumento na frequ\u00eancia de voos<\/h2>\n<p>A medida visa atender \u00e0 alta demanda de passageiros interessados no trecho internacional, fortalecendo a presen\u00e7a da empresa no mercado europeu.<\/p>\n<h3>Impacto para os viajantes<\/h3>\n<p>Com essa amplia\u00e7\u00e3o, os clientes que viajam entre o Aeroporto do Gale\u00e3o, no Rio, e o Aeroporto de Lisboa ter\u00e3o mais op\u00e7\u00f5es de hor\u00e1rios e maior facilidade para planejar suas viagens a neg\u00f3cios ou turismo.<\/p>\n<h2>Expans\u00e3o da malha a\u00e9rea<\/h2>\n<p>A iniciativa faz parte da estrat\u00e9gia da companhia de consolidar suas opera\u00e7\u00f5es de longo alcance, oferecendo conex\u00f5es mais competitivas e eficientes para os passageiros brasileiros.<\/p>\n<p>Novos detalhes sobre a opera\u00e7\u00e3o e a grade hor\u00e1ria atualizada devem ser divulgados em breve pelos canais oficiais da empresa, facilitando o acesso dos consumidores \u00e0s novas frequ\u00eancias.<\/p>\n<p>A decis\u00e3o refor\u00e7a o otimismo do setor a\u00e9reo em rela\u00e7\u00e3o \u00e0s rotas internacionais partindo do Brasil, especialmente para destinos tradicionais na Europa como Portugal.<\/p>\n<p>Por Reda\u00e7\u00e3o Acontece<\/p>\n<p>Imagem: Divulga\u00e7\u00e3o\/Gol<\/p>\n","protected":false},"excerpt":{"rendered":"<p>A companhia a\u00e9rea Gol tomou a decis\u00e3o de expandir a oferta de voos em sua rota mais recente que conecta o Rio de Janeiro a Lisboa, capital de Portugal. Aumento na frequ\u00eancia de voos A medida visa atender \u00e0 alta demanda de passageiros interessados no trecho internacional, fortalecendo a presen\u00e7a da empresa no mercado europeu. [&hellip;]<\/p>\n","protected":false},"author":0,"featured_media":34324,"comment_status":"open","ping_status":"open","sticky":false,"template":"","format":"standard","meta":{"footnotes":""},"categories":[28],"tags":[],"class_list":["post-34318","post","type-post","status-publish","format-standard","has-post-thumbnail","hentry","category-mundo"],"_links":{"self":[{"href":"https:\/\/acontecenafronteira.com.br\/index.php\/wp-json\/wp\/v2\/posts\/34318","targetHints":{"allow":["GET"]}}],"collection":[{"href":"https:\/\/acontecenafronteira.com.br\/index.php\/wp-json\/wp\/v2\/posts"}],"about":[{"href":"https:\/\/acontecenafronteira.com.br\/index.php\/wp-json\/wp\/v2\/types\/post"}],"replies":[{"embeddable":true,"href":"https:\/\/acontecenafronteira.com.br\/index.php\/wp-json\/wp\/v2\/comments?post=34318"}],"version-history":[{"count":1,"href":"https:\/\/acontecenafronteira.com.br\/index.php\/wp-json\/wp\/v2\/posts\/34318\/revisions"}],"predecessor-version":[{"id":34323,"href":"https:\/\/acontecenafronteira.com.br\/index.php\/wp-json\/wp\/v2\/posts\/34318\/revisions\/34323"}],"wp:featuredmedia":[{"embeddable":true,"href":"https:\/\/acontecenafronteira.com.br\/index.php\/wp-json\/wp\/v2\/media\/34324"}],"wp:attachment":[{"href":"https:\/\/acontecenafronteira.com.br\/index.php\/wp-json\/wp\/v2\/media?parent=34318"}],"wp:term":[{"taxonomy":"category","embeddable":true,"href":"https:\/\/acontecenafronteira.com.br\/index.php\/wp-json\/wp\/v2\/categories?post=34318"},{"taxonomy":"post_tag","embeddable":true,"href":"https:\/\/acontecenafronteira.com.br\/index.php\/wp-json\/wp\/v2\/tags?post=34318"}],"curies":[{"name":"wp","href":"https:\/\/api.w.org\/{rel}","templated":true}]}}