{"id":3431,"date":"2021-12-06T13:18:36","date_gmt":"2021-12-06T16:18:36","guid":{"rendered":"https:\/\/acontecenafronteira.com.br\/?p=3431"},"modified":"2021-12-06T13:18:37","modified_gmt":"2021-12-06T16:18:37","slug":"quatro-pessoas-sao-presas-em-operacao-da-pf-em-foz-do-iguacu","status":"publish","type":"post","link":"https:\/\/acontecenafronteira.com.br\/index.php\/2021\/12\/06\/quatro-pessoas-sao-presas-em-operacao-da-pf-em-foz-do-iguacu\/","title":{"rendered":"Quatro pessoas s\u00e3o presas em opera\u00e7\u00e3o da PF em Foz do Igua\u00e7u"},"content":{"rendered":"\n<p>A Pol\u00edcia Federal est\u00e1 realizando nesta segunda-feira (6) a opera\u00e7\u00e3o \u201cFalsos Fondos\u201d, para desarticular grupo criminoso especializado no tr\u00e1fico interestadual de drogas.<\/p>\n\n\n\n<p>Cerca de 14 policiais federais cumpriram quatro mandados de busca e apreens\u00e3o, em tr\u00eas resid\u00eancias e em uma oficina mec\u00e2nica, em Foz do Igua\u00e7u, al\u00e9m de quatro mandados de pris\u00e3o tempor\u00e1ria. Todos os suspeitos foram presos.\u00a0<\/p>\n\n\n\n<figure class=\"wp-block-image\"><img decoding=\"async\" src=\"https:\/\/www.crisloosecompartilha.com\/wp-content\/uploads\/2021\/12\/pf-operacao-1-300x225.jpg\" alt=\"\"\/><\/figure>\n\n\n\n<p>A investiga\u00e7\u00e3o foi iniciada em novembro deste ano, a partir de apreens\u00e3o de uma carga de maconha que provavelmente seria levada para Florian\u00f3polis (SC), escondida em um fundo falso de ve\u00edculo.<\/p>\n\n\n\n<p>A PF verificou que o grupo criminoso, chefiado por um uruguaio, estaria relacionado outra apreens\u00e3o de quase 600 quilos de maconha, realizada em agosto, em Joinville\/SC.<\/p>\n\n\n\n<p>Durante a investiga\u00e7\u00e3o, surgiram ind\u00edcios de que o grupo criminoso utilizava uma oficina mec\u00e2nica em Foz do Igua\u00e7u\/PR para a prepara\u00e7\u00e3o dos fundos falsos nos ve\u00edculos.<\/p>\n\n\n\n<figure class=\"wp-block-image\"><img decoding=\"async\" src=\"https:\/\/www.crisloosecompartilha.com\/wp-content\/uploads\/2021\/12\/pf-operacao2-300x225.jpg\" alt=\"\"\/><\/figure>\n\n\n\n<p>Al\u00e9m da pris\u00e3o dos envolvidos, foram apreendidos ve\u00edculos utilizados para o carregamento de drogas.&nbsp;<\/p>\n\n\n\n<p>O nome da opera\u00e7\u00e3o faz refer\u00eancia ao modo utilizado, pelo grupo criminoso, de transporte drogas utilizando fundos falsos (em espanhol, \u201cfalsos fondos\u201d).<\/p>\n\n\n\n<p>Via: Crisloose<\/p>\n","protected":false},"excerpt":{"rendered":"<p>A Pol\u00edcia Federal est\u00e1 realizando nesta segunda-feira (6) a opera\u00e7\u00e3o \u201cFalsos Fondos\u201d, para desarticular grupo criminoso especializado no tr\u00e1fico interestadual de drogas. Cerca de 14 policiais federais cumpriram quatro mandados de busca e apreens\u00e3o, em tr\u00eas resid\u00eancias e em uma oficina mec\u00e2nica, em Foz do Igua\u00e7u, al\u00e9m de quatro mandados de pris\u00e3o tempor\u00e1ria. Todos os [&hellip;]<\/p>\n","protected":false},"author":2,"featured_media":3432,"comment_status":"open","ping_status":"open","sticky":false,"template":"","format":"standard","meta":{"om_disable_all_campaigns":false,"_monsterinsights_skip_tracking":false,"_monsterinsights_sitenote_active":false,"_monsterinsights_sitenote_note":"","_monsterinsights_sitenote_category":0,"footnotes":""},"categories":[4,20],"tags":[],"class_list":["post-3431","post","type-post","status-publish","format-standard","has-post-thumbnail","hentry","category-cidade","category-seguranca"],"_links":{"self":[{"href":"https:\/\/acontecenafronteira.com.br\/index.php\/wp-json\/wp\/v2\/posts\/3431","targetHints":{"allow":["GET"]}}],"collection":[{"href":"https:\/\/acontecenafronteira.com.br\/index.php\/wp-json\/wp\/v2\/posts"}],"about":[{"href":"https:\/\/acontecenafronteira.com.br\/index.php\/wp-json\/wp\/v2\/types\/post"}],"author":[{"embeddable":true,"href":"https:\/\/acontecenafronteira.com.br\/index.php\/wp-json\/wp\/v2\/users\/2"}],"replies":[{"embeddable":true,"href":"https:\/\/acontecenafronteira.com.br\/index.php\/wp-json\/wp\/v2\/comments?post=3431"}],"version-history":[{"count":1,"href":"https:\/\/acontecenafronteira.com.br\/index.php\/wp-json\/wp\/v2\/posts\/3431\/revisions"}],"predecessor-version":[{"id":3433,"href":"https:\/\/acontecenafronteira.com.br\/index.php\/wp-json\/wp\/v2\/posts\/3431\/revisions\/3433"}],"wp:featuredmedia":[{"embeddable":true,"href":"https:\/\/acontecenafronteira.com.br\/index.php\/wp-json\/wp\/v2\/media\/3432"}],"wp:attachment":[{"href":"https:\/\/acontecenafronteira.com.br\/index.php\/wp-json\/wp\/v2\/media?parent=3431"}],"wp:term":[{"taxonomy":"category","embeddable":true,"href":"https:\/\/acontecenafronteira.com.br\/index.php\/wp-json\/wp\/v2\/categories?post=3431"},{"taxonomy":"post_tag","embeddable":true,"href":"https:\/\/acontecenafronteira.com.br\/index.php\/wp-json\/wp\/v2\/tags?post=3431"}],"curies":[{"name":"wp","href":"https:\/\/api.w.org\/{rel}","templated":true}]}}