{"id":34307,"date":"2026-09-03T05:37:22","date_gmt":"2026-09-03T08:37:22","guid":{"rendered":"https:\/\/acontecenafronteira.com.br\/?p=34307"},"modified":"2026-09-03T05:37:22","modified_gmt":"2026-09-03T08:37:22","slug":"lula-busca-pesquisas-para-blindar-campanha-de-crise-no-stf","status":"publish","type":"post","link":"https:\/\/acontecenafronteira.com.br\/index.php\/2026\/09\/03\/lula-busca-pesquisas-para-blindar-campanha-de-crise-no-stf\/","title":{"rendered":"Lula busca pesquisas para blindar campanha de crise no STF"},"content":{"rendered":"<p>A equipe de campanha do presidente Luiz In\u00e1cio Lula da Silva encomendou levantamentos qualitativos para avaliar o impacto da recente crise no Supremo Tribunal Federal entre os eleitores. O objetivo central \u00e9 entender como a repercuss\u00e3o de mensagens envolvendo o ministro Alexandre de Moraes e o banqueiro Daniel Vorcaro afeta a imagem do governo.<\/p>\n<h2>Estrat\u00e9gia de comunica\u00e7\u00e3o e marketing<\/h2>\n<p>Com os dados em m\u00e3os, a coordena\u00e7\u00e3o pretende orientar o marqueteiro Raul Rabelo na cria\u00e7\u00e3o de estrat\u00e9gias e pe\u00e7as publicit\u00e1rias. A prioridade \u00e9 blindar a candidatura do petista contra qualquer desgaste associado \u00e0s revela\u00e7\u00f5es recentes envolvendo membros da Suprema Corte.<\/p>\n<h2>Dist\u00e2ncia calculada e sil\u00eancio estrat\u00e9gico<\/h2>\n<p>Aliados pol\u00edticos recomendaram que o chefe do Executivo evite declara\u00e7\u00f5es p\u00fablicas sobre o epis\u00f3dio neste momento. A avalia\u00e7\u00e3o interna \u00e9 de que o imbr\u00f3glio pertence ao \u00e2mbito do Judici\u00e1rio e n\u00e3o deve ser incorporado \u00e0 agenda da campanha presidencial.<\/p>\n<p>Seguindo essa orienta\u00e7\u00e3o, o mandat\u00e1rio sinalizou a interlocutores que adotar\u00e1 uma postura de distanciamento prudente. A rela\u00e7\u00e3o institucional entre ambos sempre teve como base pautas comuns e o enfrentamento ao bolsonarismo, o que gerou forte associa\u00e7\u00e3o de imagens entre os dois perante a opini\u00e3o p\u00fablica.<\/p>\n<p>O receio nos bastidores \u00e9 que essa proximidade pol\u00edtica acabe transferindo eventuais desgastes do magistrado para a disputa eleitoral em curso, exigindo cautela redobrada da equipe de comunica\u00e7\u00e3o.<\/p>\n<p>Por Reda\u00e7\u00e3o Acontece<\/p>\n<p>Foto: Kebec Nogueira\/Metr\u00f3poles<\/p>\n","protected":false},"excerpt":{"rendered":"<p>A equipe de campanha do presidente Luiz In\u00e1cio Lula da Silva encomendou levantamentos qualitativos para avaliar o impacto da recente crise no Supremo Tribunal Federal entre os eleitores. O objetivo central \u00e9 entender como a repercuss\u00e3o de mensagens envolvendo o ministro Alexandre de Moraes e o banqueiro Daniel Vorcaro afeta a imagem do governo. Estrat\u00e9gia [&hellip;]<\/p>\n","protected":false},"author":0,"featured_media":34314,"comment_status":"open","ping_status":"open","sticky":false,"template":"","format":"standard","meta":{"footnotes":""},"categories":[6],"tags":[],"class_list":["post-34307","post","type-post","status-publish","format-standard","has-post-thumbnail","hentry","category-mercosul"],"_links":{"self":[{"href":"https:\/\/acontecenafronteira.com.br\/index.php\/wp-json\/wp\/v2\/posts\/34307","targetHints":{"allow":["GET"]}}],"collection":[{"href":"https:\/\/acontecenafronteira.com.br\/index.php\/wp-json\/wp\/v2\/posts"}],"about":[{"href":"https:\/\/acontecenafronteira.com.br\/index.php\/wp-json\/wp\/v2\/types\/post"}],"replies":[{"embeddable":true,"href":"https:\/\/acontecenafronteira.com.br\/index.php\/wp-json\/wp\/v2\/comments?post=34307"}],"version-history":[{"count":1,"href":"https:\/\/acontecenafronteira.com.br\/index.php\/wp-json\/wp\/v2\/posts\/34307\/revisions"}],"predecessor-version":[{"id":34313,"href":"https:\/\/acontecenafronteira.com.br\/index.php\/wp-json\/wp\/v2\/posts\/34307\/revisions\/34313"}],"wp:featuredmedia":[{"embeddable":true,"href":"https:\/\/acontecenafronteira.com.br\/index.php\/wp-json\/wp\/v2\/media\/34314"}],"wp:attachment":[{"href":"https:\/\/acontecenafronteira.com.br\/index.php\/wp-json\/wp\/v2\/media?parent=34307"}],"wp:term":[{"taxonomy":"category","embeddable":true,"href":"https:\/\/acontecenafronteira.com.br\/index.php\/wp-json\/wp\/v2\/categories?post=34307"},{"taxonomy":"post_tag","embeddable":true,"href":"https:\/\/acontecenafronteira.com.br\/index.php\/wp-json\/wp\/v2\/tags?post=34307"}],"curies":[{"name":"wp","href":"https:\/\/api.w.org\/{rel}","templated":true}]}}