{"id":34306,"date":"2026-09-03T05:37:18","date_gmt":"2026-09-03T08:37:18","guid":{"rendered":"https:\/\/acontecenafronteira.com.br\/?p=34306"},"modified":"2026-09-03T05:37:18","modified_gmt":"2026-09-03T08:37:18","slug":"nova-charge-de-aroeira-revoluciona-o-humor-grafico-no-brasil","status":"publish","type":"post","link":"https:\/\/acontecenafronteira.com.br\/index.php\/2026\/09\/03\/nova-charge-de-aroeira-revoluciona-o-humor-grafico-no-brasil\/","title":{"rendered":"Nova charge de Aroeira revoluciona o humor gr\u00e1fico no Brasil"},"content":{"rendered":"<p>O renomado cartunista Aroeira surpreendeu o p\u00fablico brasileiro com mais uma obra contundente, utilizando a s\u00e1tira pol\u00edtica como ferramenta de reflex\u00e3o e debate sobre os rumos do pa\u00eds.<\/p>\n<p>H2 O impacto do humor gr\u00e1fico na pol\u00edtica nacional<\/p>\n<p>H3 A genialidade de Aroeira nos jornais<\/p>\n<p>A nova produ\u00e7\u00e3o do artista gr\u00e1fico refor\u00e7a a tradi\u00e7\u00e3o de usar o <strong>humor inteligente<\/strong> para criticar figuras p\u00fablicas e expor as contradi\u00e7\u00f5es do cen\u00e1rio pol\u00edtico atual, gerando forte repercuss\u00e3o nas redes sociais.<\/p>\n<p>H2 Repercuss\u00e3o e engajamento do p\u00fablico<\/p>\n<p>A capacidade de sintetizar debates complexos em uma \u00fanica ilustra\u00e7\u00e3o continua sendo a principal marca registrada do chargista, que acumula d\u00e9cadas de carreira dedicadas \u00e0 <strong>liberdade de express\u00e3o<\/strong>.<\/p>\n<p>Especialistas em comunica\u00e7\u00e3o apontam que esse formato de <strong>cr\u00edtica social<\/strong> permanece essencial para mobilizar leitores e estimular o pensamento cr\u00edtico diante dos principais acontecimentos do notici\u00e1rio.<\/p>\n<p>A obra consolida mais uma vez o papel fundamental da charge editorial na imprensa brasileira, mantendo viva a chama da s\u00e1tira pol\u00edtica com qualidade t\u00e9cnica e <strong>posicionamento firme<\/strong>.<\/p>\n<p>Por Reda\u00e7\u00e3o Acontece<\/p>\n<p>Cr\u00e9ditos da imagem: Reprodu\u00e7\u00e3o \/ Redes Sociais<\/p>\n","protected":false},"excerpt":{"rendered":"<p>O renomado cartunista Aroeira surpreendeu o p\u00fablico brasileiro com mais uma obra contundente, utilizando a s\u00e1tira pol\u00edtica como ferramenta de reflex\u00e3o e debate sobre os rumos do pa\u00eds. H2 O impacto do humor gr\u00e1fico na pol\u00edtica nacional H3 A genialidade de Aroeira nos jornais A nova produ\u00e7\u00e3o do artista gr\u00e1fico refor\u00e7a a tradi\u00e7\u00e3o de usar [&hellip;]<\/p>\n","protected":false},"author":0,"featured_media":34312,"comment_status":"open","ping_status":"open","sticky":false,"template":"","format":"standard","meta":{"footnotes":""},"categories":[6],"tags":[],"class_list":["post-34306","post","type-post","status-publish","format-standard","has-post-thumbnail","hentry","category-mercosul"],"_links":{"self":[{"href":"https:\/\/acontecenafronteira.com.br\/index.php\/wp-json\/wp\/v2\/posts\/34306","targetHints":{"allow":["GET"]}}],"collection":[{"href":"https:\/\/acontecenafronteira.com.br\/index.php\/wp-json\/wp\/v2\/posts"}],"about":[{"href":"https:\/\/acontecenafronteira.com.br\/index.php\/wp-json\/wp\/v2\/types\/post"}],"replies":[{"embeddable":true,"href":"https:\/\/acontecenafronteira.com.br\/index.php\/wp-json\/wp\/v2\/comments?post=34306"}],"version-history":[{"count":1,"href":"https:\/\/acontecenafronteira.com.br\/index.php\/wp-json\/wp\/v2\/posts\/34306\/revisions"}],"predecessor-version":[{"id":34311,"href":"https:\/\/acontecenafronteira.com.br\/index.php\/wp-json\/wp\/v2\/posts\/34306\/revisions\/34311"}],"wp:featuredmedia":[{"embeddable":true,"href":"https:\/\/acontecenafronteira.com.br\/index.php\/wp-json\/wp\/v2\/media\/34312"}],"wp:attachment":[{"href":"https:\/\/acontecenafronteira.com.br\/index.php\/wp-json\/wp\/v2\/media?parent=34306"}],"wp:term":[{"taxonomy":"category","embeddable":true,"href":"https:\/\/acontecenafronteira.com.br\/index.php\/wp-json\/wp\/v2\/categories?post=34306"},{"taxonomy":"post_tag","embeddable":true,"href":"https:\/\/acontecenafronteira.com.br\/index.php\/wp-json\/wp\/v2\/tags?post=34306"}],"curies":[{"name":"wp","href":"https:\/\/api.w.org\/{rel}","templated":true}]}}