{"id":34305,"date":"2026-09-03T05:37:06","date_gmt":"2026-09-03T08:37:06","guid":{"rendered":"https:\/\/acontecenafronteira.com.br\/?p=34305"},"modified":"2026-09-03T05:37:06","modified_gmt":"2026-09-03T08:37:06","slug":"jd-vance-sobre-fim-dos-tempos-nao-me-importa","status":"publish","type":"post","link":"https:\/\/acontecenafronteira.com.br\/index.php\/2026\/09\/03\/jd-vance-sobre-fim-dos-tempos-nao-me-importa\/","title":{"rendered":"JD Vance sobre fim dos tempos: &#8220;N\u00e3o me importa&#8221;"},"content":{"rendered":"<p>O vice-presidente dos Estados Unidos, JD Vance, gerou grande repercuss\u00e3o ao declarar recentemente que n\u00e3o se importa caso sua atua\u00e7\u00e3o pol\u00edtica acabe provocando o chamado fim do mundo. Durante uma entrevista concedida a um podcast voltado ao p\u00fablico evang\u00e9lico, o pol\u00edtico afirmou estar cumprindo o que considera ser uma miss\u00e3o divina e destacou seu interesse hist\u00f3rico por profecias e escatologia.<\/p>\n<h2>Vis\u00e3o sobre profecias e teologia<\/h2>\n<p>Em conversa com o apresentador Bryce Crawford, Vance explicou que sua perspectiva sobre o apocalipse \u00e9 pragm\u00e1tica. Segundo o n\u00famero dois da Casa Blanca, a humanidade deve adotar uma postura de que o fim dos tempos \u00e9 uma certeza inevit\u00e1vel, variando apenas o horizonte temporal, que pode se estender por mil\u00eanios ou ocorrer em poucos meses, enquanto ele busca executar o m\u00e1ximo de seu dever religioso.<\/p>\n<h2>Defesa a Donald Trump e uso de IA<\/h2>\n<p>Al\u00e9m de abordar temas escatol\u00f3gicos, o vice-presidente usou o espa\u00e7o para defender o presidente Donald Trump de cr\u00edticas recentes vindas de setores crist\u00e3os. A pol\u00eamica havia sido gerada ap\u00f3s a publica\u00e7\u00e3o de uma imagem gerada por intelig\u00eancia artificial que retratava o l\u00edder americano com tra\u00e7os associados a Jesus Cristo.<\/p>\n<h3>Cr\u00edtica ao uso tecnol\u00f3gico nas rela\u00e7\u00f5es<\/h3>\n<p>Apesar de justificar o post de Trump como uma simples brincadeira sem inten\u00e7\u00e3o blasfema \u2014 argumentando que o aliado possui um bom senso de humor \u2014, Vance fez duras restri\u00e7\u00f5es ao avan\u00e7o tecnol\u00f3gico desregulado. Ele classificou como &#8220;sat\u00e2nica&#8221; a pr\u00e1tica de substituir a intera\u00e7\u00e3o humana genu\u00edna por ferramentas digitais, citando como exemplo o uso de assistentes virtuais para resolu\u00e7\u00e3o de conflitos conjugais e aconselhamento amoroso, o que, em sua vis\u00e3o, atrofia a empatia social.<\/p>\n<p>Por Reda\u00e7\u00e3o Acontece<\/p>\n<p>Foto: Reprodu\u00e7\u00e3o \/ Redes Sociais<\/p>\n","protected":false},"excerpt":{"rendered":"<p>O vice-presidente dos Estados Unidos, JD Vance, gerou grande repercuss\u00e3o ao declarar recentemente que n\u00e3o se importa caso sua atua\u00e7\u00e3o pol\u00edtica acabe provocando o chamado fim do mundo. Durante uma entrevista concedida a um podcast voltado ao p\u00fablico evang\u00e9lico, o pol\u00edtico afirmou estar cumprindo o que considera ser uma miss\u00e3o divina e destacou seu interesse [&hellip;]<\/p>\n","protected":false},"author":0,"featured_media":34310,"comment_status":"open","ping_status":"open","sticky":false,"template":"","format":"standard","meta":{"footnotes":""},"categories":[6],"tags":[],"class_list":["post-34305","post","type-post","status-publish","format-standard","has-post-thumbnail","hentry","category-mercosul"],"_links":{"self":[{"href":"https:\/\/acontecenafronteira.com.br\/index.php\/wp-json\/wp\/v2\/posts\/34305","targetHints":{"allow":["GET"]}}],"collection":[{"href":"https:\/\/acontecenafronteira.com.br\/index.php\/wp-json\/wp\/v2\/posts"}],"about":[{"href":"https:\/\/acontecenafronteira.com.br\/index.php\/wp-json\/wp\/v2\/types\/post"}],"replies":[{"embeddable":true,"href":"https:\/\/acontecenafronteira.com.br\/index.php\/wp-json\/wp\/v2\/comments?post=34305"}],"version-history":[{"count":1,"href":"https:\/\/acontecenafronteira.com.br\/index.php\/wp-json\/wp\/v2\/posts\/34305\/revisions"}],"predecessor-version":[{"id":34309,"href":"https:\/\/acontecenafronteira.com.br\/index.php\/wp-json\/wp\/v2\/posts\/34305\/revisions\/34309"}],"wp:featuredmedia":[{"embeddable":true,"href":"https:\/\/acontecenafronteira.com.br\/index.php\/wp-json\/wp\/v2\/media\/34310"}],"wp:attachment":[{"href":"https:\/\/acontecenafronteira.com.br\/index.php\/wp-json\/wp\/v2\/media?parent=34305"}],"wp:term":[{"taxonomy":"category","embeddable":true,"href":"https:\/\/acontecenafronteira.com.br\/index.php\/wp-json\/wp\/v2\/categories?post=34305"},{"taxonomy":"post_tag","embeddable":true,"href":"https:\/\/acontecenafronteira.com.br\/index.php\/wp-json\/wp\/v2\/tags?post=34305"}],"curies":[{"name":"wp","href":"https:\/\/api.w.org\/{rel}","templated":true}]}}