{"id":34296,"date":"2026-09-03T05:37:00","date_gmt":"2026-09-03T08:37:00","guid":{"rendered":"https:\/\/acontecenafronteira.com.br\/?p=34296"},"modified":"2026-09-03T05:37:00","modified_gmt":"2026-09-03T08:37:00","slug":"eduardo-dussek-faz-1a-exposicao-apos-parkinson","status":"publish","type":"post","link":"https:\/\/acontecenafronteira.com.br\/index.php\/2026\/09\/03\/eduardo-dussek-faz-1a-exposicao-apos-parkinson\/","title":{"rendered":"Eduardo Dussek faz 1\u00aa exposi\u00e7\u00e3o ap\u00f3s Parkinson"},"content":{"rendered":"<p>Aos 72 anos, o renomado artista brasileiro <strong>Eduardo Dussek<\/strong> se prepara para realizar um marco in\u00e9dito em sua carreira art\u00edstica: a sua primeira exposi\u00e7\u00e3o individual de pinturas, batizada de \u201cDo Som ao Sol no mesmo Tom\u201d.<\/p>\n<h2>Nova fase nas artes visuais<\/h2>\n<p>O evento cultural est\u00e1 agendado para o dia 10 de setembro e vai ocupar os espa\u00e7os da MBlois Galeria de Arte, localizada no bairro de Ipanema, na zona sul carioca.<\/p>\n<p>Conhecido nacionalmente por sucessos musicais inconfund\u00edveis como <strong>\u201cRock da cachorra\u201d<\/strong> e <strong>\u201cNostradamus\u201d<\/strong>, o cantor encontrou nas artes pl\u00e1sticas um novo caminho de express\u00e3o e ref\u00fagio criativo.<\/p>\n<h2>Supera\u00e7\u00e3o e inspira\u00e7\u00e3o familiar<\/h2>\n<p>A transi\u00e7\u00e3o para a pintura ocorreu em um momento de profunda transforma\u00e7\u00e3o pessoal, marcada por dois acontecimentos decisivos na vida do autor.<\/p>\n<p>O in\u00edcio dessa dedica\u00e7\u00e3o \u00e0 tela aconteceu h\u00e1 sete anos, impulsionado por um duplo impacto emocional: o diagn\u00f3stico da <strong>doen\u00e7a de Parkinson<\/strong> e o falecimento de seu pai, que tamb\u00e9m era pintor e deixou forte legado art\u00edstico na fam\u00edlia.<\/p>\n<p>Transformando desafios de sa\u00fade em criatividade pura, o m\u00fasico agora convida o p\u00fablico a conhecer sua faceta como pintor em uma mostra exclusiva na capital fluminense.<\/p>\n<p>Por Reda\u00e7\u00e3o Acontece<\/p>\n<p>Cr\u00e9ditos da imagem: Divulga\u00e7\u00e3o \/ MBlois Galeria de Arte<\/p>\n","protected":false},"excerpt":{"rendered":"<p>Aos 72 anos, o renomado artista brasileiro Eduardo Dussek se prepara para realizar um marco in\u00e9dito em sua carreira art\u00edstica: a sua primeira exposi\u00e7\u00e3o individual de pinturas, batizada de \u201cDo Som ao Sol no mesmo Tom\u201d. Nova fase nas artes visuais O evento cultural est\u00e1 agendado para o dia 10 de setembro e vai ocupar [&hellip;]<\/p>\n","protected":false},"author":0,"featured_media":34304,"comment_status":"open","ping_status":"open","sticky":false,"template":"","format":"standard","meta":{"footnotes":""},"categories":[28],"tags":[],"class_list":["post-34296","post","type-post","status-publish","format-standard","has-post-thumbnail","hentry","category-mundo"],"_links":{"self":[{"href":"https:\/\/acontecenafronteira.com.br\/index.php\/wp-json\/wp\/v2\/posts\/34296","targetHints":{"allow":["GET"]}}],"collection":[{"href":"https:\/\/acontecenafronteira.com.br\/index.php\/wp-json\/wp\/v2\/posts"}],"about":[{"href":"https:\/\/acontecenafronteira.com.br\/index.php\/wp-json\/wp\/v2\/types\/post"}],"replies":[{"embeddable":true,"href":"https:\/\/acontecenafronteira.com.br\/index.php\/wp-json\/wp\/v2\/comments?post=34296"}],"version-history":[{"count":1,"href":"https:\/\/acontecenafronteira.com.br\/index.php\/wp-json\/wp\/v2\/posts\/34296\/revisions"}],"predecessor-version":[{"id":34303,"href":"https:\/\/acontecenafronteira.com.br\/index.php\/wp-json\/wp\/v2\/posts\/34296\/revisions\/34303"}],"wp:featuredmedia":[{"embeddable":true,"href":"https:\/\/acontecenafronteira.com.br\/index.php\/wp-json\/wp\/v2\/media\/34304"}],"wp:attachment":[{"href":"https:\/\/acontecenafronteira.com.br\/index.php\/wp-json\/wp\/v2\/media?parent=34296"}],"wp:term":[{"taxonomy":"category","embeddable":true,"href":"https:\/\/acontecenafronteira.com.br\/index.php\/wp-json\/wp\/v2\/categories?post=34296"},{"taxonomy":"post_tag","embeddable":true,"href":"https:\/\/acontecenafronteira.com.br\/index.php\/wp-json\/wp\/v2\/tags?post=34296"}],"curies":[{"name":"wp","href":"https:\/\/api.w.org\/{rel}","templated":true}]}}