{"id":34295,"date":"2026-09-03T05:36:50","date_gmt":"2026-09-03T08:36:50","guid":{"rendered":"https:\/\/acontecenafronteira.com.br\/?p=34295"},"modified":"2026-09-03T05:36:50","modified_gmt":"2026-09-03T08:36:50","slug":"stf-recebe-acao-para-forcar-senado-a-revelar-visitas-de-vorcaro","status":"publish","type":"post","link":"https:\/\/acontecenafronteira.com.br\/index.php\/2026\/09\/03\/stf-recebe-acao-para-forcar-senado-a-revelar-visitas-de-vorcaro\/","title":{"rendered":"STF recebe a\u00e7\u00e3o para for\u00e7ar Senado a revelar visitas de Vorcaro"},"content":{"rendered":"<p>A Justi\u00e7a Federal do Paran\u00e1 remeteu ao Supremo Tribunal Federal uma a\u00e7\u00e3o popular que busca obrigar o Senado Federal a tornar p\u00fablicos os registros de acesso do banqueiro Daniel Vorcaro \u00e0s depend\u00eancias da institui\u00e7\u00e3o legislativa.<\/p>\n<h2>Origem do pedido judicial<\/h2>\n<p>O processo foi protocolado inicialmente pelo vereador curitibano Guilherme Kilter, filiado ao partido Novo. A movimenta\u00e7\u00e3o jur\u00eddica ganhou novos rumos ap\u00f3s o despacho oficial emitido em 20 de agosto pela ju\u00edza substituta Tha\u00eds Sampaio Machado, que determinou o envio do caso para a Suprema Corte.<\/p>\n<h2>Transpar\u00eancia e o papel do Supremo<\/h2>\n<p>A demanda central do processo \u00e9 garantir o acesso p\u00fablico \u00e0 lista completa de controle de portaria, detalhando todas as entradas e sa\u00eddas do empres\u00e1rio no pr\u00e9dio do Congresso Nacional.<\/p>\n<p>Como envolve autoridades e \u00f3rg\u00e3os de esfera federal com prerrogativa de foro ou impacto direto em inst\u00e2ncias superiores, a tramita\u00e7\u00e3o foi direcionada para a avalia\u00e7\u00e3o do STF.<\/p>\n<p>Novas atualiza\u00e7\u00f5es sobre o andamento do caso e a resposta da mesa diretora do Senado devem ser divulgadas assim que houver pronunciamento oficial da Corte.<\/p>\n<p>Por Reda\u00e7\u00e3o Acontece<\/p>\n<p>Cr\u00e9ditos da imagem: Divulga\u00e7\u00e3o\/STF<\/p>\n","protected":false},"excerpt":{"rendered":"<p>A Justi\u00e7a Federal do Paran\u00e1 remeteu ao Supremo Tribunal Federal uma a\u00e7\u00e3o popular que busca obrigar o Senado Federal a tornar p\u00fablicos os registros de acesso do banqueiro Daniel Vorcaro \u00e0s depend\u00eancias da institui\u00e7\u00e3o legislativa. Origem do pedido judicial O processo foi protocolado inicialmente pelo vereador curitibano Guilherme Kilter, filiado ao partido Novo. A movimenta\u00e7\u00e3o [&hellip;]<\/p>\n","protected":false},"author":0,"featured_media":34302,"comment_status":"open","ping_status":"open","sticky":false,"template":"","format":"standard","meta":{"footnotes":""},"categories":[28],"tags":[],"class_list":["post-34295","post","type-post","status-publish","format-standard","has-post-thumbnail","hentry","category-mundo"],"_links":{"self":[{"href":"https:\/\/acontecenafronteira.com.br\/index.php\/wp-json\/wp\/v2\/posts\/34295","targetHints":{"allow":["GET"]}}],"collection":[{"href":"https:\/\/acontecenafronteira.com.br\/index.php\/wp-json\/wp\/v2\/posts"}],"about":[{"href":"https:\/\/acontecenafronteira.com.br\/index.php\/wp-json\/wp\/v2\/types\/post"}],"replies":[{"embeddable":true,"href":"https:\/\/acontecenafronteira.com.br\/index.php\/wp-json\/wp\/v2\/comments?post=34295"}],"version-history":[{"count":1,"href":"https:\/\/acontecenafronteira.com.br\/index.php\/wp-json\/wp\/v2\/posts\/34295\/revisions"}],"predecessor-version":[{"id":34301,"href":"https:\/\/acontecenafronteira.com.br\/index.php\/wp-json\/wp\/v2\/posts\/34295\/revisions\/34301"}],"wp:featuredmedia":[{"embeddable":true,"href":"https:\/\/acontecenafronteira.com.br\/index.php\/wp-json\/wp\/v2\/media\/34302"}],"wp:attachment":[{"href":"https:\/\/acontecenafronteira.com.br\/index.php\/wp-json\/wp\/v2\/media?parent=34295"}],"wp:term":[{"taxonomy":"category","embeddable":true,"href":"https:\/\/acontecenafronteira.com.br\/index.php\/wp-json\/wp\/v2\/categories?post=34295"},{"taxonomy":"post_tag","embeddable":true,"href":"https:\/\/acontecenafronteira.com.br\/index.php\/wp-json\/wp\/v2\/tags?post=34295"}],"curies":[{"name":"wp","href":"https:\/\/api.w.org\/{rel}","templated":true}]}}