{"id":34294,"date":"2026-09-03T05:36:46","date_gmt":"2026-09-03T08:36:46","guid":{"rendered":"https:\/\/acontecenafronteira.com.br\/?p=34294"},"modified":"2026-09-03T05:36:46","modified_gmt":"2026-09-03T08:36:46","slug":"mobilidade-urbana-lidera-enquete-sobre-problemas-em-jacarepagua","status":"publish","type":"post","link":"https:\/\/acontecenafronteira.com.br\/index.php\/2026\/09\/03\/mobilidade-urbana-lidera-enquete-sobre-problemas-em-jacarepagua\/","title":{"rendered":"Mobilidade Urbana Lidera Enquete sobre Problemas em Jacarepagu\u00e1"},"content":{"rendered":"<p>A dificuldade no tr\u00e2nsito e no deslocamento di\u00e1rio \u00e9 considerada o maior obst\u00e1culo enfrentado por quem vive em Jacarepagu\u00e1 e nos bairros vizinhos, de acordo com a parcial de uma vota\u00e7\u00e3o popular online.<\/p>\n<h2>Como funciona a vota\u00e7\u00e3o regional<\/h2>\n<p>\nA consulta p\u00fablica busca identificar qual \u00e9 o tema mais urgente na regi\u00e3o, que abrange localidades como Taquara, Tanque, Freguesia, Curicica, Anil, Gard\u00eania Azul, Pra\u00e7a Seca, Pechincha e Cidade de Deus.<\/p>\n<h2>Pr\u00f3ximos passos da cobertura jornal\u00edstica<\/h2>\n<p>\nOs leitores t\u00eam at\u00e9 as 18h de sexta-feira para registrar sua opini\u00e3o em uma lista com nove op\u00e7\u00f5es diferentes, incluindo quest\u00f5es de seguran\u00e7a e infraestrutura.<\/p>\n<h2>Principais gargalos apontados pelos moradores<\/h2>\n<p>\nCom mais de 60% da prefer\u00eancia at\u00e9 a noite de quarta-feira, a <strong>mobilidade<\/strong> lidera a lista de forma isolada, ficando \u00e0 frente de temas sens\u00edveis como confrontos entre fac\u00e7\u00f5es criminosas e constru\u00e7\u00f5es irregulares.<\/p>\n<h2>Impacto do resultado na pauta local<\/h2>\n<p>\nA quest\u00e3o que vencer a consulta popular servir\u00e1 de base para a produ\u00e7\u00e3o de uma reportagem especial aprofundada, que trar\u00e1 an\u00e1lises detalhadas sobre as ra\u00edzes da problem\u00e1tica e poss\u00edveis alternativas apontadas por especialistas, residentes e autoridades governamentais.<\/p>\n<p>Por Reda\u00e7\u00e3o Acontece<\/p>\n<p>Cr\u00e9ditos da imagem: Divulga\u00e7\u00e3o<\/p>\n","protected":false},"excerpt":{"rendered":"<p>A dificuldade no tr\u00e2nsito e no deslocamento di\u00e1rio \u00e9 considerada o maior obst\u00e1culo enfrentado por quem vive em Jacarepagu\u00e1 e nos bairros vizinhos, de acordo com a parcial de uma vota\u00e7\u00e3o popular online. Como funciona a vota\u00e7\u00e3o regional A consulta p\u00fablica busca identificar qual \u00e9 o tema mais urgente na regi\u00e3o, que abrange localidades como [&hellip;]<\/p>\n","protected":false},"author":0,"featured_media":34300,"comment_status":"open","ping_status":"open","sticky":false,"template":"","format":"standard","meta":{"footnotes":""},"categories":[28],"tags":[],"class_list":["post-34294","post","type-post","status-publish","format-standard","has-post-thumbnail","hentry","category-mundo"],"_links":{"self":[{"href":"https:\/\/acontecenafronteira.com.br\/index.php\/wp-json\/wp\/v2\/posts\/34294","targetHints":{"allow":["GET"]}}],"collection":[{"href":"https:\/\/acontecenafronteira.com.br\/index.php\/wp-json\/wp\/v2\/posts"}],"about":[{"href":"https:\/\/acontecenafronteira.com.br\/index.php\/wp-json\/wp\/v2\/types\/post"}],"replies":[{"embeddable":true,"href":"https:\/\/acontecenafronteira.com.br\/index.php\/wp-json\/wp\/v2\/comments?post=34294"}],"version-history":[{"count":1,"href":"https:\/\/acontecenafronteira.com.br\/index.php\/wp-json\/wp\/v2\/posts\/34294\/revisions"}],"predecessor-version":[{"id":34299,"href":"https:\/\/acontecenafronteira.com.br\/index.php\/wp-json\/wp\/v2\/posts\/34294\/revisions\/34299"}],"wp:featuredmedia":[{"embeddable":true,"href":"https:\/\/acontecenafronteira.com.br\/index.php\/wp-json\/wp\/v2\/media\/34300"}],"wp:attachment":[{"href":"https:\/\/acontecenafronteira.com.br\/index.php\/wp-json\/wp\/v2\/media?parent=34294"}],"wp:term":[{"taxonomy":"category","embeddable":true,"href":"https:\/\/acontecenafronteira.com.br\/index.php\/wp-json\/wp\/v2\/categories?post=34294"},{"taxonomy":"post_tag","embeddable":true,"href":"https:\/\/acontecenafronteira.com.br\/index.php\/wp-json\/wp\/v2\/tags?post=34294"}],"curies":[{"name":"wp","href":"https:\/\/api.w.org\/{rel}","templated":true}]}}