{"id":34284,"date":"2026-09-03T04:37:17","date_gmt":"2026-09-03T07:37:17","guid":{"rendered":"https:\/\/acontecenafronteira.com.br\/?p=34284"},"modified":"2026-09-03T04:37:17","modified_gmt":"2026-09-03T07:37:17","slug":"novo-laudo-afasta-suicidio-e-aponta-crime-na-morte-de-pm","status":"publish","type":"post","link":"https:\/\/acontecenafronteira.com.br\/index.php\/2026\/09\/03\/novo-laudo-afasta-suicidio-e-aponta-crime-na-morte-de-pm\/","title":{"rendered":"Novo laudo afasta suic\u00eddio e aponta crime na morte de PM"},"content":{"rendered":"<p>Novo laudo afasta suic\u00eddio e aponta crime na morte de PM Laudo da Pol\u00edcia Cient\u00edfica de SP refor\u00e7a que a soldado Gisele Alves Santana foi assassinada. Marido, tenente-coronel, segue preso. Leia mais. Um laudo in\u00e9dito elaborado pela Pol\u00edcia Cient\u00edfica de S\u00e3o Paulo derrubou de vez a tese de que a soldado da Pol\u00edcia Militar <b>Gisele Alves Santana<\/b> teria cometido suic\u00eddio. O documento t\u00e9cnico, anexado ao processo judicial, aponta que todas as evid\u00eancias recolhidas no apartamento onde a v\u00edtima foi baleada divergem completamente de um ato volunt\u00e1rio, fortalecendo a suspeita de homic\u00eddio com a participa\u00e7\u00e3o de um segundo indiv\u00edduo. <\/p>\n<h2>A situa\u00e7\u00e3o do r\u00e9u e a decis\u00e3o da Justi\u00e7a<\/h2>\n<p> O principal investigado pelo crime \u00e9 o tenente-coronel da reserva <b>Geraldo Leite Rosa Neto<\/b>, marido da policial e atualmente mantido em <b>pris\u00e3o preventiva<\/b> no Pres\u00eddio Militar Rom\u00e3o Gomes, localizado na zona norte da capital paulista. Recentemente, o Superior Tribunal de Justi\u00e7a negou um pedido de soltura feito pela defesa do oficial, apontando receio de que ele possa atrapalhar o andamento das investiga\u00e7\u00f5es e a produ\u00e7\u00e3o de provas. <\/p>\n<h2>Detalhes t\u00e9cnicos e questionamentos da defesa<\/h2>\n<p> A nova manifesta\u00e7\u00e3o pericial foi redigida ap\u00f3s questionamentos levantados pelos advogados de Geraldo Neto. Mesmo com os pedidos da defesa, a perita respons\u00e1vel manteve o entendimento t\u00e9cnico de que a din\u00e2mica do disparo \u00e9 incompat\u00edvel com a morte autoimposta, resistindo apenas \u00e0 hip\u00f3tese de interfer\u00eancia externa. <\/p>\n<h2>Tecnologia 3D na reconstru\u00e7\u00e3o do crime<\/h2>\n<p> Para chegar a essa conclus\u00e3o, os investigadores recorreram a um <b>scanner tridimensional<\/b> avan\u00e7ado. A tecnologia permitiu mapear o im\u00f3vel utilizando 26 pontos de escaneamento com margem m\u00ednima de erro, confrontando a vers\u00e3o contada pelo marido com as fotografias tiradas logo ap\u00f3s o disparo e os relatos das equipes de socorro. Por Reda\u00e7\u00e3o Acontece Reprodu\u00e7\u00e3o\/TJSP<\/p>\n","protected":false},"excerpt":{"rendered":"<p>Novo laudo afasta suic\u00eddio e aponta crime na morte de PM Laudo da Pol\u00edcia Cient\u00edfica de SP refor\u00e7a que a soldado Gisele Alves Santana foi assassinada. Marido, tenente-coronel, segue preso. Leia mais. Um laudo in\u00e9dito elaborado pela Pol\u00edcia Cient\u00edfica de S\u00e3o Paulo derrubou de vez a tese de que a soldado da Pol\u00edcia Militar Gisele [&hellip;]<\/p>\n","protected":false},"author":0,"featured_media":34292,"comment_status":"open","ping_status":"open","sticky":false,"template":"","format":"standard","meta":{"footnotes":""},"categories":[6],"tags":[],"class_list":["post-34284","post","type-post","status-publish","format-standard","has-post-thumbnail","hentry","category-mercosul"],"_links":{"self":[{"href":"https:\/\/acontecenafronteira.com.br\/index.php\/wp-json\/wp\/v2\/posts\/34284","targetHints":{"allow":["GET"]}}],"collection":[{"href":"https:\/\/acontecenafronteira.com.br\/index.php\/wp-json\/wp\/v2\/posts"}],"about":[{"href":"https:\/\/acontecenafronteira.com.br\/index.php\/wp-json\/wp\/v2\/types\/post"}],"replies":[{"embeddable":true,"href":"https:\/\/acontecenafronteira.com.br\/index.php\/wp-json\/wp\/v2\/comments?post=34284"}],"version-history":[{"count":1,"href":"https:\/\/acontecenafronteira.com.br\/index.php\/wp-json\/wp\/v2\/posts\/34284\/revisions"}],"predecessor-version":[{"id":34291,"href":"https:\/\/acontecenafronteira.com.br\/index.php\/wp-json\/wp\/v2\/posts\/34284\/revisions\/34291"}],"wp:featuredmedia":[{"embeddable":true,"href":"https:\/\/acontecenafronteira.com.br\/index.php\/wp-json\/wp\/v2\/media\/34292"}],"wp:attachment":[{"href":"https:\/\/acontecenafronteira.com.br\/index.php\/wp-json\/wp\/v2\/media?parent=34284"}],"wp:term":[{"taxonomy":"category","embeddable":true,"href":"https:\/\/acontecenafronteira.com.br\/index.php\/wp-json\/wp\/v2\/categories?post=34284"},{"taxonomy":"post_tag","embeddable":true,"href":"https:\/\/acontecenafronteira.com.br\/index.php\/wp-json\/wp\/v2\/tags?post=34284"}],"curies":[{"name":"wp","href":"https:\/\/api.w.org\/{rel}","templated":true}]}}