{"id":34283,"date":"2026-09-03T04:37:01","date_gmt":"2026-09-03T07:37:01","guid":{"rendered":"https:\/\/acontecenafronteira.com.br\/?p=34283"},"modified":"2026-09-03T04:37:01","modified_gmt":"2026-09-03T07:37:01","slug":"lula-aposta-em-pautas-positivas-para-evitar-crise-no-stf","status":"publish","type":"post","link":"https:\/\/acontecenafronteira.com.br\/index.php\/2026\/09\/03\/lula-aposta-em-pautas-positivas-para-evitar-crise-no-stf\/","title":{"rendered":"Lula aposta em pautas positivas para evitar crise no STF"},"content":{"rendered":"<p>Diante do recente esc\u00e2ndalo envolvendo o Supremo Tribunal Federal e conversas vazadas pela Pol\u00edcia Federal, o governo federal decidiu mudar o foco de sua comunica\u00e7\u00e3o. A estrat\u00e9gia tra\u00e7ada pelo Pal\u00e1cio do Planalto consiste em desacelerar qualquer envolvimento pol\u00edtico na pol\u00eamica e apostar em entregas concretas para a popula\u00e7\u00e3o.<\/p>\n<h2>Articula\u00e7\u00f5es nos bastidores e cautela pol\u00edtica<\/h2>\n<p>Nos \u00faltimos dias, conversas reservadas dominaram a agenda presidencial. O chefe do Executivo manteve reuni\u00f5es separadas com magistrados da Suprema Corte e com a c\u00fapula da seguran\u00e7a p\u00fablica para tentar pacificar o ambiente institucional. Aliados pol\u00edticos recomendaram total isolamento do caso para evitar que o desgaste atinja a imagem do governo federal e respingue na corrida eleitoral.<\/p>\n<p>A preocupa\u00e7\u00e3o principal reside na tentativa de associar a imagem do Pal\u00e1cio do Planalto \u00e0s investiga\u00e7\u00f5es conduzidas pela Pol\u00edcia Federal sobre rela\u00e7\u00f5es entre autoridades e o setor financeiro. Por esse motivo, a ordem interna \u00e9 responder a questionamentos apenas com discursos focados na pacifica\u00e7\u00e3o nacional, mantendo uma dist\u00e2ncia segura do processo judicial.<\/p>\n<h2>Avan\u00e7o de projetos estrat\u00e9gicos no Congresso<\/h2>\n<p>Enquanto o Judici\u00e1rio lida com os desdobramentos das apura\u00e7\u00f5es, o Poder Executivo comemora vit\u00f3rias expressivas no Poder Legislativo. O Congresso Nacional avan\u00e7ou em pautas consideradas vitais para a base governista durante o per\u00edodo de esfor\u00e7o concentrado. Entre as aprova\u00e7\u00f5es de destaque est\u00e3o incentivos fiscais para a instala\u00e7\u00e3o de centros de dados e a regulamenta\u00e7\u00e3o voltada a minerais estrat\u00e9gicos.<\/p>\n<p>Al\u00e9m disso, comiss\u00f5es importantes deram aval a propostas ligadas ao mercado de compras internacionais e a emendas constitucionais de grande apelo popular. Tais movimenta\u00e7\u00f5es servem como base para fortalecer a narrativa de governabilidade e compet\u00eancia administrativa defendida pela gest\u00e3o petista.<\/p>\n<h2>Foco em entregas sociais e regula\u00e7\u00e3o econ\u00f4mica<\/h2>\n<p>Para neutralizar a repercuss\u00e3o negativa da crise institucional, a administra\u00e7\u00e3o federal programou uma s\u00e9rie de an\u00fancios de alto impacto social. A elimina\u00e7\u00e3o da fila de espera por benef\u00edcios previdenci\u00e1rios e a discuss\u00e3o de regras r\u00edgidas contra plataformas de apostas online ganharam o centro das aten\u00e7\u00f5es da m\u00eddia e da sociedade civil.<\/p>\n<p>Essas a\u00e7\u00f5es econ\u00f4micas e sociais funcionam como o principal escudo do governo. Ao entregar melhorias tang\u00edveis para o cidad\u00e3o e debater temas sens\u00edveis que afetam as fam\u00edlias brasileiras, o Planalto busca blindar sua imagem e manter o foco da opini\u00e3o p\u00fablica voltado para o desenvolvimento do pa\u00eds.<\/p>\n<p>Por Reda\u00e7\u00e3o Acontece<\/p>\n<p>BRENO ESAKI\/ METR\u00d3POLES @BrenoEsakiFoto<\/p>\n","protected":false},"excerpt":{"rendered":"<p>Diante do recente esc\u00e2ndalo envolvendo o Supremo Tribunal Federal e conversas vazadas pela Pol\u00edcia Federal, o governo federal decidiu mudar o foco de sua comunica\u00e7\u00e3o. A estrat\u00e9gia tra\u00e7ada pelo Pal\u00e1cio do Planalto consiste em desacelerar qualquer envolvimento pol\u00edtico na pol\u00eamica e apostar em entregas concretas para a popula\u00e7\u00e3o. Articula\u00e7\u00f5es nos bastidores e cautela pol\u00edtica Nos [&hellip;]<\/p>\n","protected":false},"author":0,"featured_media":34290,"comment_status":"open","ping_status":"open","sticky":false,"template":"","format":"standard","meta":{"footnotes":""},"categories":[6],"tags":[],"class_list":["post-34283","post","type-post","status-publish","format-standard","has-post-thumbnail","hentry","category-mercosul"],"_links":{"self":[{"href":"https:\/\/acontecenafronteira.com.br\/index.php\/wp-json\/wp\/v2\/posts\/34283","targetHints":{"allow":["GET"]}}],"collection":[{"href":"https:\/\/acontecenafronteira.com.br\/index.php\/wp-json\/wp\/v2\/posts"}],"about":[{"href":"https:\/\/acontecenafronteira.com.br\/index.php\/wp-json\/wp\/v2\/types\/post"}],"replies":[{"embeddable":true,"href":"https:\/\/acontecenafronteira.com.br\/index.php\/wp-json\/wp\/v2\/comments?post=34283"}],"version-history":[{"count":1,"href":"https:\/\/acontecenafronteira.com.br\/index.php\/wp-json\/wp\/v2\/posts\/34283\/revisions"}],"predecessor-version":[{"id":34289,"href":"https:\/\/acontecenafronteira.com.br\/index.php\/wp-json\/wp\/v2\/posts\/34283\/revisions\/34289"}],"wp:featuredmedia":[{"embeddable":true,"href":"https:\/\/acontecenafronteira.com.br\/index.php\/wp-json\/wp\/v2\/media\/34290"}],"wp:attachment":[{"href":"https:\/\/acontecenafronteira.com.br\/index.php\/wp-json\/wp\/v2\/media?parent=34283"}],"wp:term":[{"taxonomy":"category","embeddable":true,"href":"https:\/\/acontecenafronteira.com.br\/index.php\/wp-json\/wp\/v2\/categories?post=34283"},{"taxonomy":"post_tag","embeddable":true,"href":"https:\/\/acontecenafronteira.com.br\/index.php\/wp-json\/wp\/v2\/tags?post=34283"}],"curies":[{"name":"wp","href":"https:\/\/api.w.org\/{rel}","templated":true}]}}