{"id":34281,"date":"2026-09-03T04:36:50","date_gmt":"2026-09-03T07:36:50","guid":{"rendered":"https:\/\/acontecenafronteira.com.br\/?p=34281"},"modified":"2026-09-03T04:36:50","modified_gmt":"2026-09-03T07:36:50","slug":"agenda-dos-candidatos-ao-governo-de-sp-nesta-quarta-feira","status":"publish","type":"post","link":"https:\/\/acontecenafronteira.com.br\/index.php\/2026\/09\/03\/agenda-dos-candidatos-ao-governo-de-sp-nesta-quarta-feira\/","title":{"rendered":"Agenda dos candidatos ao governo de SP nesta quarta-feira"},"content":{"rendered":"<p>A corrida eleitoral para o Pal\u00e1cio dos Bandeirantes entra em seu d\u00e9cimo nono dia nesta quarta-feira, reunindo sete postulantes na disputa pelo governo paulista.<\/p>\n<h2>Candidatos com agendas oficiais divulgadas<\/h2>\n<p>Entre os nomes que lideram as prefer\u00eancias do eleitorado nas pesquisas est\u00e3o o atual chefe do Executivo estadual, <b>Tarc\u00edsio de Freitas<\/b> (Republicanos), que tenta a recondu\u00e7\u00e3o ao cargo, e o ex-ministro da Fazenda <b>Fernando Haddad<\/b> (PT).<\/p>\n<h3>Compromissos de Fernando Haddad<\/h3>\n<p>O representante petista programou duas atividades para o dia. Ao meio-dia, conceder\u00e1 uma entrevista \u00e0 TV Vanguarda, em S\u00e3o Jos\u00e9 dos Campos. J\u00e1 \u00e0s 15h, far\u00e1 o lan\u00e7amento oficial de seu Programa de Meio Ambiente em Caraguatatuba, no litoral norte.<\/p>\n<h3>Atividades de Tarc\u00edsio de Freitas<\/h3>\n<p>O atual governador tamb\u00e9m focou sua quarta-feira em compromissos duplos. Pela manh\u00e3, \u00e0s 9h40, vistoriar\u00e1 o andamento das obras do Rodoanel Norte na Rodovia M\u00e1rio Covas. No per\u00edodo noturno, \u00e0s 19h, marcar\u00e1 presen\u00e7a no lan\u00e7amento da candidatura de Rog\u00e9rio Nogueira a deputado estadual no munic\u00edpio de Indaiatuba.<\/p>\n<h2>Outros concorrentes ao Pal\u00e1cio dos Bandeirantes<\/h2>\n<p>A disputa deste ano conta com mais cinco legendas na corrida eleitoral, cada uma adotando estrat\u00e9gias distintas para a data.<\/p>\n<h3>Izadora Dias e Vera L\u00facia<\/h3>\n<p>A candidata <b>Izadora Dias<\/b> (PCO) cumpre maratona de encontros e panfletagem, iniciando \u00e0s 7h na esta\u00e7\u00e3o Lapa e passando por reuni\u00f5es de coordena\u00e7\u00e3o e redes sociais ao longo do dia. Por sua vez, <b>Vera L\u00facia<\/b> (PSTU) dedicar\u00e1 o per\u00edodo para a grava\u00e7\u00e3o de material audiovisual voltado \u00e0 propaganda eleitoral.<\/p>\n<h3>Candidatos sem agenda informada<\/h3>\n<p>Os demais concorrentes ao pleito estadual \u2014 <b>Carlos Machado<\/b> (PCB), <b>Policial Edjane<\/b> (Agir) e <b>Vivian Mendes<\/b> (UP) \u2014 n\u00e3o repassaram compromissos p\u00fablicos para a imprensa at\u00e9 o momento.<\/p>\n<p>Por Reda\u00e7\u00e3o Acontece<\/p>\n<p>Cr\u00e9ditos da imagem: Reprodu\u00e7\u00e3o \/ Divulga\u00e7\u00e3o<\/p>\n","protected":false},"excerpt":{"rendered":"<p>A corrida eleitoral para o Pal\u00e1cio dos Bandeirantes entra em seu d\u00e9cimo nono dia nesta quarta-feira, reunindo sete postulantes na disputa pelo governo paulista. Candidatos com agendas oficiais divulgadas Entre os nomes que lideram as prefer\u00eancias do eleitorado nas pesquisas est\u00e3o o atual chefe do Executivo estadual, Tarc\u00edsio de Freitas (Republicanos), que tenta a recondu\u00e7\u00e3o [&hellip;]<\/p>\n","protected":false},"author":0,"featured_media":34286,"comment_status":"open","ping_status":"open","sticky":false,"template":"","format":"standard","meta":{"footnotes":""},"categories":[6],"tags":[],"class_list":["post-34281","post","type-post","status-publish","format-standard","has-post-thumbnail","hentry","category-mercosul"],"_links":{"self":[{"href":"https:\/\/acontecenafronteira.com.br\/index.php\/wp-json\/wp\/v2\/posts\/34281","targetHints":{"allow":["GET"]}}],"collection":[{"href":"https:\/\/acontecenafronteira.com.br\/index.php\/wp-json\/wp\/v2\/posts"}],"about":[{"href":"https:\/\/acontecenafronteira.com.br\/index.php\/wp-json\/wp\/v2\/types\/post"}],"replies":[{"embeddable":true,"href":"https:\/\/acontecenafronteira.com.br\/index.php\/wp-json\/wp\/v2\/comments?post=34281"}],"version-history":[{"count":1,"href":"https:\/\/acontecenafronteira.com.br\/index.php\/wp-json\/wp\/v2\/posts\/34281\/revisions"}],"predecessor-version":[{"id":34285,"href":"https:\/\/acontecenafronteira.com.br\/index.php\/wp-json\/wp\/v2\/posts\/34281\/revisions\/34285"}],"wp:featuredmedia":[{"embeddable":true,"href":"https:\/\/acontecenafronteira.com.br\/index.php\/wp-json\/wp\/v2\/media\/34286"}],"wp:attachment":[{"href":"https:\/\/acontecenafronteira.com.br\/index.php\/wp-json\/wp\/v2\/media?parent=34281"}],"wp:term":[{"taxonomy":"category","embeddable":true,"href":"https:\/\/acontecenafronteira.com.br\/index.php\/wp-json\/wp\/v2\/categories?post=34281"},{"taxonomy":"post_tag","embeddable":true,"href":"https:\/\/acontecenafronteira.com.br\/index.php\/wp-json\/wp\/v2\/tags?post=34281"}],"curies":[{"name":"wp","href":"https:\/\/api.w.org\/{rel}","templated":true}]}}