{"id":34271,"date":"2026-09-03T04:36:36","date_gmt":"2026-09-03T07:36:36","guid":{"rendered":"https:\/\/acontecenafronteira.com.br\/?p=34271"},"modified":"2026-09-03T04:36:36","modified_gmt":"2026-09-03T07:36:36","slug":"quem-ama-cuida-ademir-flagra-dora-e-andre-na-cama","status":"publish","type":"post","link":"https:\/\/acontecenafronteira.com.br\/index.php\/2026\/09\/03\/quem-ama-cuida-ademir-flagra-dora-e-andre-na-cama\/","title":{"rendered":"Quem ama cuida: Ademir flagra Dora e Andr\u00e9 na cama"},"content":{"rendered":"<p>Nos pr\u00f3ximos cap\u00edtulos da novela Quem ama cuida, a tens\u00e3o vai atingir o seu \u00e1pice quando <strong>Ademir (Dan Stulbach)<\/strong> descobrir o caso entre <strong>Dora (Mariana Ximenes)<\/strong> e <strong>Andr\u00e9 (Henrique Barreira)<\/strong> de forma dram\u00e1tica.<\/p>\n<h2>O plano para o flagrante<\/h2>\n<p>\nToda a arma\u00e7\u00e3o ser\u00e1 orquestrada por <strong>Adriana (Le\u00edcia Colin)<\/strong>, que contar\u00e1 com o apoio precioso de <strong>Lyris (Pri Helena)<\/strong>. Para garantir que o esc\u00e2ndalo aconte\u00e7a, Adriana liga para o advogado informando que a ex-mulher est\u00e1 acompanhada do amante \u2014 que coincidentemente \u00e9 seu pr\u00f3prio sobrinho \u2014 e ainda entrega a senha de acesso ao im\u00f3vel, facilitando a entrada do personagem furioso.<\/p>\n<h2>A rea\u00e7\u00e3o violenta e a briga<\/h2>\n<p>\nAssim que consegue entrar no apartamento, Adenir se depara com Dora e Andr\u00e9 deitados juntos na cama. Dominado pela f\u00faria, ele perde o controle e avan\u00e7a diretamente contra o rapaz, iniciando uma pancadaria generalizada no quarto.<\/p>\n<h2>Consequ\u00eancias e tentativa de acordo<\/h2>\n<p>\nApesar do esc\u00e2ndalo, Dora n\u00e3o se intimidar\u00e1 com a agressividade e colocar\u00e1 o ex-marido para fora de sua resid\u00eancia, deixando claro que n\u00e3o tolerar\u00e1 mais aquele comportamento controlador. Diante do caos instalado, <strong>Pedro (Chay Suede)<\/strong> decidir\u00e1 intervir e procurar\u00e1 o pr\u00f3prio pai na tentativa de apaziguar a situa\u00e7\u00e3o delicada envolvendo a ex-madrasta e seu primo.<\/p>\n<p>Vale lembrar que os enredos e desdobramentos divulgados s\u00e3o definidos pela emissora e podem passar por altera\u00e7\u00f5es na programa\u00e7\u00e3o oficial.<\/p>\n<p>Por Reda\u00e7\u00e3o Acontece<\/p>\n<p>Cr\u00e9ditos da imagem: Divulga\u00e7\u00e3o\/TV Globo<\/p>\n","protected":false},"excerpt":{"rendered":"<p>Nos pr\u00f3ximos cap\u00edtulos da novela Quem ama cuida, a tens\u00e3o vai atingir o seu \u00e1pice quando Ademir (Dan Stulbach) descobrir o caso entre Dora (Mariana Ximenes) e Andr\u00e9 (Henrique Barreira) de forma dram\u00e1tica. O plano para o flagrante Toda a arma\u00e7\u00e3o ser\u00e1 orquestrada por Adriana (Le\u00edcia Colin), que contar\u00e1 com o apoio precioso de Lyris [&hellip;]<\/p>\n","protected":false},"author":0,"featured_media":34278,"comment_status":"open","ping_status":"open","sticky":false,"template":"","format":"standard","meta":{"footnotes":""},"categories":[28],"tags":[],"class_list":["post-34271","post","type-post","status-publish","format-standard","has-post-thumbnail","hentry","category-mundo"],"_links":{"self":[{"href":"https:\/\/acontecenafronteira.com.br\/index.php\/wp-json\/wp\/v2\/posts\/34271","targetHints":{"allow":["GET"]}}],"collection":[{"href":"https:\/\/acontecenafronteira.com.br\/index.php\/wp-json\/wp\/v2\/posts"}],"about":[{"href":"https:\/\/acontecenafronteira.com.br\/index.php\/wp-json\/wp\/v2\/types\/post"}],"replies":[{"embeddable":true,"href":"https:\/\/acontecenafronteira.com.br\/index.php\/wp-json\/wp\/v2\/comments?post=34271"}],"version-history":[{"count":1,"href":"https:\/\/acontecenafronteira.com.br\/index.php\/wp-json\/wp\/v2\/posts\/34271\/revisions"}],"predecessor-version":[{"id":34277,"href":"https:\/\/acontecenafronteira.com.br\/index.php\/wp-json\/wp\/v2\/posts\/34271\/revisions\/34277"}],"wp:featuredmedia":[{"embeddable":true,"href":"https:\/\/acontecenafronteira.com.br\/index.php\/wp-json\/wp\/v2\/media\/34278"}],"wp:attachment":[{"href":"https:\/\/acontecenafronteira.com.br\/index.php\/wp-json\/wp\/v2\/media?parent=34271"}],"wp:term":[{"taxonomy":"category","embeddable":true,"href":"https:\/\/acontecenafronteira.com.br\/index.php\/wp-json\/wp\/v2\/categories?post=34271"},{"taxonomy":"post_tag","embeddable":true,"href":"https:\/\/acontecenafronteira.com.br\/index.php\/wp-json\/wp\/v2\/tags?post=34271"}],"curies":[{"name":"wp","href":"https:\/\/api.w.org\/{rel}","templated":true}]}}