{"id":34260,"date":"2026-09-03T04:36:18","date_gmt":"2026-09-03T07:36:18","guid":{"rendered":"https:\/\/acontecenafronteira.com.br\/?p=34260"},"modified":"2026-09-03T04:36:18","modified_gmt":"2026-09-03T07:36:18","slug":"linha-mais-mobilidade-impulsiona-o-setor-de-transporte-rodoviario","status":"publish","type":"post","link":"https:\/\/acontecenafronteira.com.br\/index.php\/2026\/09\/03\/linha-mais-mobilidade-impulsiona-o-setor-de-transporte-rodoviario\/","title":{"rendered":"Linha Mais Mobilidade impulsiona o setor de transporte rodovi\u00e1rio"},"content":{"rendered":"<p>A transi\u00e7\u00e3o de uma carreira corporativa tradicional para o transporte rodovi\u00e1rio de cargas transformou a rotina e a trajet\u00f3ria profissional do motorista Evandro Cesar de Mattos, residente em Laranjeiras do Sul (PR). O que come\u00e7ou em 2015 como uma alternativa \u00e0 vida em escrit\u00f3rio evoluiu para uma paix\u00e3o pelas estradas, onde hoje realiza o escoamento de gr\u00e3os com destino a portos e unidades de beneficiamento, enfrentando longas jornadas que podem ultrapassar um dia inteiro de viagem at\u00e9 o estado do Mato Grosso.<\/p>\n<h2>O impacto e os desafios do transporte de cargas no Brasil<\/h2>\n<p>\nA rotina no asfalto exige resili\u00eancia, gest\u00e3o rigorosa do tempo e cumprimento das legisla\u00e7\u00f5es de descanso. Para o profissional, a atividade \u00e9 o verdadeiro motor da economia nacional, j\u00e1 que praticamente todos os produtos de consumo di\u00e1rio dependem do setor rodovi\u00e1rio para chegar aos mercados. Contudo, a profiss\u00e3o carrega riscos di\u00e1rios associados \u00e0 infraestrutura prec\u00e1ria das rodovias brasileiras, uma preocupa\u00e7\u00e3o constante para quem depende do tr\u00e1fego para garantir o sustento.<\/p>\n<h2>Como a linha Mais Mobilidade viabilizou a expans\u00e3o<\/h2>\n<p>\nAp\u00f3s consolidar sua atua\u00e7\u00e3o com um ve\u00edculo pr\u00f3prio, o motorista decidiu buscar novas oportunidades de crescimento e convidou um parceiro de confian\u00e7a para iniciar uma sociedade. Para concretizar a aquisi\u00e7\u00e3o do segundo caminh\u00e3o, recorreu a uma solu\u00e7\u00e3o de financiamento com recursos oficiais repassados por cooperativas de cr\u00e9dito. O acesso \u00e0 modalidade ocorreu de forma digital, facilitando o contato com a ag\u00eancia local para a estrutura\u00e7\u00e3o do cr\u00e9dito BNDES.<\/p>\n<h2>Agilidade no cr\u00e9dito e novas perspectivas de neg\u00f3cios<\/h2>\n<p>\nO processo de libera\u00e7\u00e3o dos recursos exigiu adapta\u00e7\u00f5es, especialmente ap\u00f3s a troca inicial do modelo do ve\u00edculo por conta das exig\u00eancias normativas da linha de financiamento, mas a opera\u00e7\u00e3o foi conclu\u00edda em aproximadamente uma semana. Com o apoio da institui\u00e7\u00e3o financeira, a sociedade foi formalizada e os planos futuros j\u00e1 incluem a abertura de pessoa jur\u00eddica e a regulariza\u00e7\u00e3o junto aos \u00f3rg\u00e3os competentes, projetando a cria\u00e7\u00e3o de uma futura frota.<\/p>\n<h2>Prote\u00e7\u00e3o patrimonial e seguran\u00e7a nas rodovias<\/h2>\n<p>\nPara blindar o novo investimento contra os imprevistos comuns do tr\u00e2nsito, a contrata\u00e7\u00e3o de uma ap\u00f3lice de seguros robusta figura como o pr\u00f3ximo passo estrat\u00e9gico. Especialistas apontam que a an\u00e1lise de perfil, coberturas para terceiros e mitiga\u00e7\u00e3o de danos materiais s\u00e3o fundamentais para assegurar a sustentabilidade financeira do empreendimento, garantindo que a expans\u00e3o ocorra com total seguran\u00e7a jur\u00eddica e patrimonial.<\/p>\n<p>Parceira hist\u00f3rica do desenvolvimento regional, a institui\u00e7\u00e3o financeira respons\u00e1vel pela opera\u00e7\u00e3o refor\u00e7a seu papel no fomento \u00e0 economia local, oferecendo suporte personalizado e agilidade para que empreendedores de diversos setores continuem expandindo suas atividades pelo pa\u00eds.<\/p>\n<p>Por Reda\u00e7\u00e3o Acontece<\/p>\n<p>Cr\u00e9ditos da imagem: Divulga\u00e7\u00e3o<\/p>\n","protected":false},"excerpt":{"rendered":"<p>A transi\u00e7\u00e3o de uma carreira corporativa tradicional para o transporte rodovi\u00e1rio de cargas transformou a rotina e a trajet\u00f3ria profissional do motorista Evandro Cesar de Mattos, residente em Laranjeiras do Sul (PR). O que come\u00e7ou em 2015 como uma alternativa \u00e0 vida em escrit\u00f3rio evoluiu para uma paix\u00e3o pelas estradas, onde hoje realiza o escoamento [&hellip;]<\/p>\n","protected":false},"author":0,"featured_media":34268,"comment_status":"open","ping_status":"open","sticky":false,"template":"","format":"standard","meta":{"footnotes":""},"categories":[18],"tags":[],"class_list":["post-34260","post","type-post","status-publish","format-standard","has-post-thumbnail","hentry","category-parana"],"_links":{"self":[{"href":"https:\/\/acontecenafronteira.com.br\/index.php\/wp-json\/wp\/v2\/posts\/34260","targetHints":{"allow":["GET"]}}],"collection":[{"href":"https:\/\/acontecenafronteira.com.br\/index.php\/wp-json\/wp\/v2\/posts"}],"about":[{"href":"https:\/\/acontecenafronteira.com.br\/index.php\/wp-json\/wp\/v2\/types\/post"}],"replies":[{"embeddable":true,"href":"https:\/\/acontecenafronteira.com.br\/index.php\/wp-json\/wp\/v2\/comments?post=34260"}],"version-history":[{"count":1,"href":"https:\/\/acontecenafronteira.com.br\/index.php\/wp-json\/wp\/v2\/posts\/34260\/revisions"}],"predecessor-version":[{"id":34267,"href":"https:\/\/acontecenafronteira.com.br\/index.php\/wp-json\/wp\/v2\/posts\/34260\/revisions\/34267"}],"wp:featuredmedia":[{"embeddable":true,"href":"https:\/\/acontecenafronteira.com.br\/index.php\/wp-json\/wp\/v2\/media\/34268"}],"wp:attachment":[{"href":"https:\/\/acontecenafronteira.com.br\/index.php\/wp-json\/wp\/v2\/media?parent=34260"}],"wp:term":[{"taxonomy":"category","embeddable":true,"href":"https:\/\/acontecenafronteira.com.br\/index.php\/wp-json\/wp\/v2\/categories?post=34260"},{"taxonomy":"post_tag","embeddable":true,"href":"https:\/\/acontecenafronteira.com.br\/index.php\/wp-json\/wp\/v2\/tags?post=34260"}],"curies":[{"name":"wp","href":"https:\/\/api.w.org\/{rel}","templated":true}]}}