{"id":34259,"date":"2026-09-03T04:36:11","date_gmt":"2026-09-03T07:36:11","guid":{"rendered":"https:\/\/acontecenafronteira.com.br\/?p=34259"},"modified":"2026-09-03T04:36:11","modified_gmt":"2026-09-03T07:36:11","slug":"pf-mira-caca-ilegal-noturna-no-parque-nacional-do-iguacu","status":"publish","type":"post","link":"https:\/\/acontecenafronteira.com.br\/index.php\/2026\/09\/03\/pf-mira-caca-ilegal-noturna-no-parque-nacional-do-iguacu\/","title":{"rendered":"PF mira ca\u00e7a ilegal noturna no Parque Nacional do Igua\u00e7u"},"content":{"rendered":"<p>PF mira ca\u00e7a ilegal noturna no Parque Nacional do Igua\u00e7u Pol\u00edcia Federal e ICMBio combatem esquema de ca\u00e7a ilegal em \u00e1rea protegida no Paran\u00e1. Opera\u00e7\u00e3o apreendeu armas, equipamentos e carne congelada. Uma opera\u00e7\u00e3o conjunta da Pol\u00edcia Federal e do ICMBio desarticulou um esquema criminoso voltado \u00e0 <strong>ca\u00e7a ilegal<\/strong> no Parque Nacional do Igua\u00e7u, localizado no estado do Paran\u00e1. A a\u00e7\u00e3o visou identificar e punir indiv\u00edduos que invadiam a unidade de conserva\u00e7\u00e3o durante o per\u00edodo noturno para abater animais silvestres amea\u00e7ados de extin\u00e7\u00e3o. <\/p>\n<h2>Apreens\u00f5es e investiga\u00e7\u00f5es em Foz do Igua\u00e7u<\/h2>\n<p> Durante a ofensiva, foram cumpridos dois mandados de busca e apreens\u00e3o na cidade de Foz do Igua\u00e7u. As equipes policiais recolheram documentos, aparelhos celulares, vestimentas, apetrechos de ca\u00e7a, estruturas destinadas \u00e0 montagem de jiraus na floresta e por\u00e7\u00f5es de carne congelada. O material apreendido passar\u00e1 por rigorosa per\u00edcia t\u00e9cnica. No caso espec\u00edfico da carne encontrada, exames de DNA ser\u00e3o realizados para determinar a qual esp\u00e9cie animal o material pertence, confirmando se os alvos eram animais protegidos pela lei ambiental brasileira. <\/p>\n<h2>Origem do caso e pris\u00f5es em flagrante<\/h2>\n<p> As apura\u00e7\u00f5es policiais tiveram in\u00edcio ap\u00f3s a pris\u00e3o em flagrante de dois homens no dia 6 de junho. Os suspeitos foram interceptados no interior da reserva ambiental, especificamente na regi\u00e3o da Linha Santo Alberto, durante uma fiscaliza\u00e7\u00e3o realizada em parceria entre a Pol\u00edcia Militar Ambiental e o ICMBio. Naquela ocasi\u00e3o, as autoridades confiscaram dois rifles de calibre .22, 62 muni\u00e7\u00f5es intactas, lanternas de alta pot\u00eancia, mira \u00f3ptica e redes de descanso com camuflagem. <\/p>\n<h2>Modus operandi do grupo criminoso<\/h2>\n<p> O avan\u00e7o das investiga\u00e7\u00f5es permitiu \u00e0 Pol\u00edcia Federal constatar que as invas\u00f5es \u00e0 \u00e1rea protegida ocorriam de maneira sistem\u00e1tica. O grupo criminoso realizava incurs\u00f5es armadas mensais desde o in\u00edcio de 2026, aproveitando a escurid\u00e3o da noite para dificultar a fiscaliza\u00e7\u00e3o. Os criminosos utilizavam equipamentos t\u00e1ticos, como lanternas potentes e miras especiais, al\u00e9m de passarem longos per\u00edodos acampados na mata com o aux\u00edlio das redes camufladas apreendidas. A corpora\u00e7\u00e3o prossegue com os trabalhos anal\u00edticos para esclarecer o envolvimento completo dos suspeitos e dimensionar o impacto ambiental causado na fauna local. Por Reda\u00e7\u00e3o Acontece Pol\u00edcia Federal<\/p>\n","protected":false},"excerpt":{"rendered":"<p>PF mira ca\u00e7a ilegal noturna no Parque Nacional do Igua\u00e7u Pol\u00edcia Federal e ICMBio combatem esquema de ca\u00e7a ilegal em \u00e1rea protegida no Paran\u00e1. Opera\u00e7\u00e3o apreendeu armas, equipamentos e carne congelada. Uma opera\u00e7\u00e3o conjunta da Pol\u00edcia Federal e do ICMBio desarticulou um esquema criminoso voltado \u00e0 ca\u00e7a ilegal no Parque Nacional do Igua\u00e7u, localizado no [&hellip;]<\/p>\n","protected":false},"author":0,"featured_media":34266,"comment_status":"open","ping_status":"open","sticky":false,"template":"","format":"standard","meta":{"footnotes":""},"categories":[18],"tags":[],"class_list":["post-34259","post","type-post","status-publish","format-standard","has-post-thumbnail","hentry","category-parana"],"_links":{"self":[{"href":"https:\/\/acontecenafronteira.com.br\/index.php\/wp-json\/wp\/v2\/posts\/34259","targetHints":{"allow":["GET"]}}],"collection":[{"href":"https:\/\/acontecenafronteira.com.br\/index.php\/wp-json\/wp\/v2\/posts"}],"about":[{"href":"https:\/\/acontecenafronteira.com.br\/index.php\/wp-json\/wp\/v2\/types\/post"}],"replies":[{"embeddable":true,"href":"https:\/\/acontecenafronteira.com.br\/index.php\/wp-json\/wp\/v2\/comments?post=34259"}],"version-history":[{"count":1,"href":"https:\/\/acontecenafronteira.com.br\/index.php\/wp-json\/wp\/v2\/posts\/34259\/revisions"}],"predecessor-version":[{"id":34265,"href":"https:\/\/acontecenafronteira.com.br\/index.php\/wp-json\/wp\/v2\/posts\/34259\/revisions\/34265"}],"wp:featuredmedia":[{"embeddable":true,"href":"https:\/\/acontecenafronteira.com.br\/index.php\/wp-json\/wp\/v2\/media\/34266"}],"wp:attachment":[{"href":"https:\/\/acontecenafronteira.com.br\/index.php\/wp-json\/wp\/v2\/media?parent=34259"}],"wp:term":[{"taxonomy":"category","embeddable":true,"href":"https:\/\/acontecenafronteira.com.br\/index.php\/wp-json\/wp\/v2\/categories?post=34259"},{"taxonomy":"post_tag","embeddable":true,"href":"https:\/\/acontecenafronteira.com.br\/index.php\/wp-json\/wp\/v2\/tags?post=34259"}],"curies":[{"name":"wp","href":"https:\/\/api.w.org\/{rel}","templated":true}]}}