{"id":34258,"date":"2026-09-03T04:36:04","date_gmt":"2026-09-03T07:36:04","guid":{"rendered":"https:\/\/acontecenafronteira.com.br\/?p=34258"},"modified":"2026-09-03T04:36:04","modified_gmt":"2026-09-03T07:36:04","slug":"eleicoes-pr-2026-sandro-alex-promete-concurso-para-seguranca","status":"publish","type":"post","link":"https:\/\/acontecenafronteira.com.br\/index.php\/2026\/09\/03\/eleicoes-pr-2026-sandro-alex-promete-concurso-para-seguranca\/","title":{"rendered":"Elei\u00e7\u00f5es PR 2026: Sandro Alex promete concurso para seguran\u00e7a"},"content":{"rendered":"<p>O candidato ao governo do Paran\u00e1 Sandro Alex (PSD) anunciou nesta quarta-feira (2), durante entrevista \u00e0 r\u00e1dio Banda B, que pretende lan\u00e7ar um novo concurso p\u00fablico para refor\u00e7ar as for\u00e7as de seguran\u00e7a do estado caso seja eleito nas elei\u00e7\u00f5es de 2026.<\/p>\n<h2>Planos para a seguran\u00e7a p\u00fablica no Paran\u00e1<\/h2>\n<p>O pol\u00edtico destacou que a gest\u00e3o atual j\u00e1 convocou 8 mil agentes, al\u00e9m de outros 2 mil que est\u00e3o finalizando a forma\u00e7\u00e3o, mas garantiu que o ritmo de contrata\u00e7\u00f5es n\u00e3o vai parar. A meta \u00e9 inserir pelo menos mil novos profissionais anualmente nas corpora\u00e7\u00f5es, somando mais duas mil vagas abertas ao longo de uma eventual gest\u00e3o, com foco redobrado em intelig\u00eancia e aparelhamento policial.<\/p>\n<h2>Agenda de campanha e compromissos pelo estado<\/h2>\n<p>Al\u00e9m da entrevista matinal, a programa\u00e7\u00e3o de campanha do candidato incluiu uma reuni\u00e3o com lideran\u00e7as de comunidades terap\u00eauticas e uma caminhada ao lado de apoiadores na capital paranaense. Na sequ\u00eancia, o roteiro pol\u00edtico seguiu para Foz do Igua\u00e7u, onde o postulante ao Executivo estadual agendou reuni\u00f5es estrat\u00e9gicas com o trade hoteleiro, lideran\u00e7as da regi\u00e3o oeste e um jantar voltado a profissionais da educa\u00e7\u00e3o.<\/p>\n<h2>O cen\u00e1rio da disputa eleitoral no Paran\u00e1<\/h2>\n<p>A corrida eleitoral oficial teve in\u00edcio em 16 de agosto, data que liberou a realiza\u00e7\u00e3o de com\u00edcios, carreatas, debates e pedidos formais de voto em r\u00e1dio, televis\u00e3o e redes sociais, conforme as diretrizes da Justi\u00e7a Eleitoral. O primeiro turno do pleito est\u00e1 agendado para o dia 4 de outubro, enquanto o eventual segundo turno ocorrer\u00e1 em 25 de outubro.<\/p>\n<p>No total, oito chapas registram candidaturas para o governo paranaense na disputa deste ano: Adriano Teixeira (PCO), Alexandre Salom\u00e3o (Mobiliza), Luiz Fran\u00e7a (Miss\u00e3o), Requi\u00e3o Filho (PDT), Samuel Mattos (PSTU), Sandro Alex (PSD), S\u00e9rgio Moro (PL) e Tayn\u00e1 Miessa (UP).<\/p>\n<p>Por Reda\u00e7\u00e3o Acontece<\/p>\n<p>Imagem: Arquivo RPC \/ Marcelo Camargo\/Ag\u00eancia Brasil<\/p>\n","protected":false},"excerpt":{"rendered":"<p>O candidato ao governo do Paran\u00e1 Sandro Alex (PSD) anunciou nesta quarta-feira (2), durante entrevista \u00e0 r\u00e1dio Banda B, que pretende lan\u00e7ar um novo concurso p\u00fablico para refor\u00e7ar as for\u00e7as de seguran\u00e7a do estado caso seja eleito nas elei\u00e7\u00f5es de 2026. Planos para a seguran\u00e7a p\u00fablica no Paran\u00e1 O pol\u00edtico destacou que a gest\u00e3o atual [&hellip;]<\/p>\n","protected":false},"author":0,"featured_media":34264,"comment_status":"open","ping_status":"open","sticky":false,"template":"","format":"standard","meta":{"footnotes":""},"categories":[18],"tags":[],"class_list":["post-34258","post","type-post","status-publish","format-standard","has-post-thumbnail","hentry","category-parana"],"_links":{"self":[{"href":"https:\/\/acontecenafronteira.com.br\/index.php\/wp-json\/wp\/v2\/posts\/34258","targetHints":{"allow":["GET"]}}],"collection":[{"href":"https:\/\/acontecenafronteira.com.br\/index.php\/wp-json\/wp\/v2\/posts"}],"about":[{"href":"https:\/\/acontecenafronteira.com.br\/index.php\/wp-json\/wp\/v2\/types\/post"}],"replies":[{"embeddable":true,"href":"https:\/\/acontecenafronteira.com.br\/index.php\/wp-json\/wp\/v2\/comments?post=34258"}],"version-history":[{"count":1,"href":"https:\/\/acontecenafronteira.com.br\/index.php\/wp-json\/wp\/v2\/posts\/34258\/revisions"}],"predecessor-version":[{"id":34263,"href":"https:\/\/acontecenafronteira.com.br\/index.php\/wp-json\/wp\/v2\/posts\/34258\/revisions\/34263"}],"wp:featuredmedia":[{"embeddable":true,"href":"https:\/\/acontecenafronteira.com.br\/index.php\/wp-json\/wp\/v2\/media\/34264"}],"wp:attachment":[{"href":"https:\/\/acontecenafronteira.com.br\/index.php\/wp-json\/wp\/v2\/media?parent=34258"}],"wp:term":[{"taxonomy":"category","embeddable":true,"href":"https:\/\/acontecenafronteira.com.br\/index.php\/wp-json\/wp\/v2\/categories?post=34258"},{"taxonomy":"post_tag","embeddable":true,"href":"https:\/\/acontecenafronteira.com.br\/index.php\/wp-json\/wp\/v2\/tags?post=34258"}],"curies":[{"name":"wp","href":"https:\/\/api.w.org\/{rel}","templated":true}]}}