{"id":34257,"date":"2026-09-03T04:35:56","date_gmt":"2026-09-03T07:35:56","guid":{"rendered":"https:\/\/acontecenafronteira.com.br\/?p=34257"},"modified":"2026-09-03T04:35:56","modified_gmt":"2026-09-03T07:35:56","slug":"mercado-imobiliario-em-curitiba-muda-com-busca-por-bairros-calmos","status":"publish","type":"post","link":"https:\/\/acontecenafronteira.com.br\/index.php\/2026\/09\/03\/mercado-imobiliario-em-curitiba-muda-com-busca-por-bairros-calmos\/","title":{"rendered":"Mercado imobili\u00e1rio em Curitiba muda com busca por bairros calmos"},"content":{"rendered":"<p>O mercado imobili\u00e1rio de Curitiba passa por uma mudan\u00e7a silenciosa, impulsionada por compradores de alto padr\u00e3o que priorizam a tranquilidade e a qualidade de vida sem abrir m\u00e3o da praticidade urbana.<\/p>\n<h2>Novas prioridades no mercado<\/h2>\n<p>Atualmente, a proximidade com o local de trabalho deixou de ser o \u00fanico fator decisivo na hora de adquirir um im\u00f3vel. Os compradores buscam regi\u00f5es que funcionem como unidades urbanas completas, oferecendo com\u00e9rcio local, servi\u00e7os essenciais e \u00e1reas verdes para o dia a dia.<\/p>\n<h2>Autonomia e verde no Juvev\u00ea<\/h2>\n<p>Entre as regi\u00f5es que mais se destacam nessa nova fase est\u00e1 o Juvev\u00ea. O bairro do norte curitibano atrai novos moradores por aliar ruas arborizadas, que ajudam na qualidade do ar e na redu\u00e7\u00e3o do estresse urbano, a uma infraestrutura de servi\u00e7os completa e independente do centro da cidade.<\/p>\n<h3>Com\u00e9rcio vibrante e mobilidade<\/h3>\n<p>Com feiras org\u00e2nicas, gastronomia sofisticada e vias bem planejadas com ciclovias, a regi\u00e3o garante deslocamentos fluidos e uma conviv\u00eancia comunit\u00e1ria ativa. Al\u00e9m disso, a facilidade de acesso a outras \u00e1reas importantes, como o Centro C\u00edvico e o Cabral, refor\u00e7a a atratividade do endere\u00e7o.<\/p>\n<h2>Decis\u00e3o estrutural de moradia<\/h2>\n<p>Especialistas do setor apontam que a escolha do bairro tornou-se uma decis\u00e3o t\u00e3o importante quanto a sele\u00e7\u00e3o do pr\u00f3prio apartamento. O foco atual \u00e9 analisar criteriosamente a infraestrutura e a conveni\u00eancia oferecida pela vizinhan\u00e7a, substituindo compras por impulso por an\u00e1lises estruturadas de bem-estar.<\/p>\n<h2>Valoriza\u00e7\u00e3o e tranquilidade<\/h2>\n<p>Dados recentes do \u00edndice FipeZAP mostram que o metro quadrado no Juvev\u00ea acumulou alta de 6,9% nos \u00faltimos doze meses. Essa valoriza\u00e7\u00e3o consistente reflete a demanda real por um estilo de vida mais calmo, que impacta positivamente a sa\u00fade mental e a rotina das fam\u00edlias.<\/p>\n<p>Com o fortalecimento desse conceito de autonomia urbana, incorporadoras t\u00eam apostado na regi\u00e3o com novos projetos voltados para o bem-estar integral, consolidando a tend\u00eancia de valoriza\u00e7\u00e3o dos bairros autossuficientes na capital paranaense.<\/p>\n<p>Por Reda\u00e7\u00e3o Acontece<\/p>\n<p>Divulga\u00e7\u00e3o\/Alysson Berger<\/p>\n","protected":false},"excerpt":{"rendered":"<p>O mercado imobili\u00e1rio de Curitiba passa por uma mudan\u00e7a silenciosa, impulsionada por compradores de alto padr\u00e3o que priorizam a tranquilidade e a qualidade de vida sem abrir m\u00e3o da praticidade urbana. Novas prioridades no mercado Atualmente, a proximidade com o local de trabalho deixou de ser o \u00fanico fator decisivo na hora de adquirir um [&hellip;]<\/p>\n","protected":false},"author":0,"featured_media":34262,"comment_status":"open","ping_status":"open","sticky":false,"template":"","format":"standard","meta":{"footnotes":""},"categories":[18],"tags":[],"class_list":["post-34257","post","type-post","status-publish","format-standard","has-post-thumbnail","hentry","category-parana"],"_links":{"self":[{"href":"https:\/\/acontecenafronteira.com.br\/index.php\/wp-json\/wp\/v2\/posts\/34257","targetHints":{"allow":["GET"]}}],"collection":[{"href":"https:\/\/acontecenafronteira.com.br\/index.php\/wp-json\/wp\/v2\/posts"}],"about":[{"href":"https:\/\/acontecenafronteira.com.br\/index.php\/wp-json\/wp\/v2\/types\/post"}],"replies":[{"embeddable":true,"href":"https:\/\/acontecenafronteira.com.br\/index.php\/wp-json\/wp\/v2\/comments?post=34257"}],"version-history":[{"count":1,"href":"https:\/\/acontecenafronteira.com.br\/index.php\/wp-json\/wp\/v2\/posts\/34257\/revisions"}],"predecessor-version":[{"id":34261,"href":"https:\/\/acontecenafronteira.com.br\/index.php\/wp-json\/wp\/v2\/posts\/34257\/revisions\/34261"}],"wp:featuredmedia":[{"embeddable":true,"href":"https:\/\/acontecenafronteira.com.br\/index.php\/wp-json\/wp\/v2\/media\/34262"}],"wp:attachment":[{"href":"https:\/\/acontecenafronteira.com.br\/index.php\/wp-json\/wp\/v2\/media?parent=34257"}],"wp:term":[{"taxonomy":"category","embeddable":true,"href":"https:\/\/acontecenafronteira.com.br\/index.php\/wp-json\/wp\/v2\/categories?post=34257"},{"taxonomy":"post_tag","embeddable":true,"href":"https:\/\/acontecenafronteira.com.br\/index.php\/wp-json\/wp\/v2\/tags?post=34257"}],"curies":[{"name":"wp","href":"https:\/\/api.w.org\/{rel}","templated":true}]}}