{"id":34250,"date":"2026-09-03T03:37:37","date_gmt":"2026-09-03T06:37:37","guid":{"rendered":"https:\/\/acontecenafronteira.com.br\/?p=34250"},"modified":"2026-09-03T03:37:37","modified_gmt":"2026-09-03T06:37:37","slug":"gremio-e-internacional-decidem-vaga-na-semifinal-da-copa-do-brasil","status":"publish","type":"post","link":"https:\/\/acontecenafronteira.com.br\/index.php\/2026\/09\/03\/gremio-e-internacional-decidem-vaga-na-semifinal-da-copa-do-brasil\/","title":{"rendered":"Gr\u00eamio e Internacional decidem vaga na semifinal da Copa do Brasil"},"content":{"rendered":"<p>A <strong>Copa do Brasil<\/strong> define nesta quinta-feira (3\/9) o seu \u00faltimo semifinalista em um duelo decisivo entre <strong>Gr\u00eamio<\/strong> e <strong>Internacional<\/strong>. A partida ocorre \u00e0s 20h, na Arena, ap\u00f3s um empate sem gols no confronto de ida realizado no Beira-Rio.<\/p>\n<h2>O rival na pr\u00f3xima fase<\/h2>\n<\/p>\n<p>O vencedor deste cl\u00e1ssico ga\u00facho ter\u00e1 pela frente o <strong>Atl\u00e9tico-MG<\/strong> na pr\u00f3xima etapa do torneio nacional. Os mineiros garantiram a classifica\u00e7\u00e3o ap\u00f3s eliminarem o Cruzeiro na \u00faltima ter\u00e7a-feira (1\u00b0\/9).<\/p>\n<h2>Hist\u00f3rico de confrontos em 2026<\/h2>\n<\/p>\n<p>Este ser\u00e1 o sexto <strong>Gre-Nal<\/strong> da temporada atual, que at\u00e9 o momento apresenta total equil\u00edbrio com tr\u00eas empates e uma vit\u00f3ria para cada lado. O hist\u00f3rico inclui tr\u00eas embates pelo Campeonato Ga\u00facho \u2014 com o t\u00edtulo ficando com o Tricolor \u2014, um encontro pelo Campeonato Brasileiro e o jogo de ida deste mata-mata da <strong>Copa do Brasil<\/strong>.<\/p>\n<h2>Retrospecto hist\u00f3rico no torneio<\/h2>\n<\/p>\n<p>Esta \u00e9 apenas a segunda vez na hist\u00f3ria que os rivais cruzam seus caminhos na competi\u00e7\u00e3o nacional. O \u00fanico antecedente ocorreu em 1992, quando dois empates em 1 x 1 levaram a decis\u00e3o para os p\u00eanaltis, resultando na classifica\u00e7\u00e3o do Colorado, que posteriormente levantaria a ta\u00e7a de campe\u00e3o sobre o Fluminense.<\/p>\n<h2>Situa\u00e7\u00e3o delicada no Brasileir\u00e3o<\/h2>\n<\/p>\n<p>Al\u00e9m da rivalidade hist\u00f3rica, o confronto desta quinta-feira carrega um peso psicol\u00f3gico importante para a reta decisiva do <strong>Campeonato Brasileiro<\/strong>. Ambas as equipes vivem momentos de alerta e lutam para se afastar da zona de rebaixamento. O Colorado aparece no Z4, ocupando a 18\u00aa posi\u00e7\u00e3o com 25 pontos, enquanto o Imortal soma 28 pontos na 15\u00aa coloca\u00e7\u00e3o, tendo uma partida pendente a disputar.<\/p>\n<p>Por Reda\u00e7\u00e3o Acontece<\/p>\n<p>LUCAS UEBEL\/GREMIO FBPA<\/p>\n","protected":false},"excerpt":{"rendered":"<p>A Copa do Brasil define nesta quinta-feira (3\/9) o seu \u00faltimo semifinalista em um duelo decisivo entre Gr\u00eamio e Internacional. A partida ocorre \u00e0s 20h, na Arena, ap\u00f3s um empate sem gols no confronto de ida realizado no Beira-Rio. O rival na pr\u00f3xima fase O vencedor deste cl\u00e1ssico ga\u00facho ter\u00e1 pela frente o Atl\u00e9tico-MG na [&hellip;]<\/p>\n","protected":false},"author":0,"featured_media":34256,"comment_status":"open","ping_status":"open","sticky":false,"template":"","format":"standard","meta":{"footnotes":""},"categories":[6],"tags":[],"class_list":["post-34250","post","type-post","status-publish","format-standard","has-post-thumbnail","hentry","category-mercosul"],"_links":{"self":[{"href":"https:\/\/acontecenafronteira.com.br\/index.php\/wp-json\/wp\/v2\/posts\/34250","targetHints":{"allow":["GET"]}}],"collection":[{"href":"https:\/\/acontecenafronteira.com.br\/index.php\/wp-json\/wp\/v2\/posts"}],"about":[{"href":"https:\/\/acontecenafronteira.com.br\/index.php\/wp-json\/wp\/v2\/types\/post"}],"replies":[{"embeddable":true,"href":"https:\/\/acontecenafronteira.com.br\/index.php\/wp-json\/wp\/v2\/comments?post=34250"}],"version-history":[{"count":1,"href":"https:\/\/acontecenafronteira.com.br\/index.php\/wp-json\/wp\/v2\/posts\/34250\/revisions"}],"predecessor-version":[{"id":34255,"href":"https:\/\/acontecenafronteira.com.br\/index.php\/wp-json\/wp\/v2\/posts\/34250\/revisions\/34255"}],"wp:featuredmedia":[{"embeddable":true,"href":"https:\/\/acontecenafronteira.com.br\/index.php\/wp-json\/wp\/v2\/media\/34256"}],"wp:attachment":[{"href":"https:\/\/acontecenafronteira.com.br\/index.php\/wp-json\/wp\/v2\/media?parent=34250"}],"wp:term":[{"taxonomy":"category","embeddable":true,"href":"https:\/\/acontecenafronteira.com.br\/index.php\/wp-json\/wp\/v2\/categories?post=34250"},{"taxonomy":"post_tag","embeddable":true,"href":"https:\/\/acontecenafronteira.com.br\/index.php\/wp-json\/wp\/v2\/tags?post=34250"}],"curies":[{"name":"wp","href":"https:\/\/api.w.org\/{rel}","templated":true}]}}