{"id":34238,"date":"2026-09-03T03:36:33","date_gmt":"2026-09-03T06:36:33","guid":{"rendered":"https:\/\/acontecenafronteira.com.br\/?p=34238"},"modified":"2026-09-03T03:36:33","modified_gmt":"2026-09-03T06:36:33","slug":"fim-da-era-da-balanca-saiba-por-que-o-musculo-virou-foco","status":"publish","type":"post","link":"https:\/\/acontecenafronteira.com.br\/index.php\/2026\/09\/03\/fim-da-era-da-balanca-saiba-por-que-o-musculo-virou-foco\/","title":{"rendered":"Fim da era da balan\u00e7a: saiba por que o m\u00fasculo virou foco"},"content":{"rendered":"<p>As redes sociais e os consult\u00f3rios m\u00e9dicos est\u00e3o redefinindo o conceito de emagrecimento, tirando o foco exclusivo da balan\u00e7a e voltando a aten\u00e7\u00e3o para a preserva\u00e7\u00e3o da massa magra. Com a alta popularidade dos rem\u00e9dios para obesidade, influenciadores, celebridades e especialistas debatem intensamente o impacto real da perda de peso na estrutura f\u00edsica e na sa\u00fade metab\u00f3lica.<\/p>\n<h2>A import\u00e2ncia da massa magra<\/h2>\n<p>\nA busca por manter os m\u00fasculos firmes vai muito al\u00e9m da est\u00e9tica corporal. A musculatura \u00e9 o motor da for\u00e7a, da mobilidade e da independ\u00eancia nas tarefas di\u00e1rias, tornando-se ainda mais vital conforme o organismo envelhece. Especialistas alertam que avaliar um tratamento apenas pelo ponteiro da balan\u00e7a \u00e9 um erro, pois o ideal \u00e9 monitorar a propor\u00e7\u00e3o exata entre gordura eliminada e tecido muscular preservado.<\/p>\n<p>O impacto da menopausa no corpo <br \/> Durante o climat\u00e9rio e a menopausa, por volta dos 40 anos, as mulheres enfrentam altera\u00e7\u00f5es hormonais severas, como a queda do estrog\u00eanio, que aceleram a perda de massa magra e mudam a distribui\u00e7\u00e3o de gordura. Nesse cen\u00e1rio, o peso total na balan\u00e7a pode permanecer o mesmo, mas a propor\u00e7\u00e3o de gordura corporal aumenta consideravelmente, exigindo aten\u00e7\u00e3o m\u00e9dica redobrada.<\/p>\n<h2>Estrat\u00e9gias para um emagrecimento saud\u00e1vel<\/h2>\n<p>\nO uso de canetas emagrecedoras trouxe novos horizontes para quem precisa perder peso, mas refor\u00e7ou a necessidade de proteger a musculatura. O acompanhamento cl\u00ednico adequado busca aliar a redu\u00e7\u00e3o de gordura com a ado\u00e7\u00e3o de h\u00e1bitos fundamentais, como a pr\u00e1tica regular de muscula\u00e7\u00e3o ou exerc\u00edcios resistidos e uma dieta rica em prote\u00ednas, sempre respeitando a individualidade de cada paciente.<\/p>\n<p>Manuten\u00e7\u00e3o da autonomia e longevidade <br \/> Perder m\u00fasculos ao longo dos anos afeta diretamente atividades simples do cotidiano, como subir escadas, levantar de uma cadeira ou manter o equil\u00edbrio. A preserva\u00e7\u00e3o da for\u00e7a f\u00edsica garante autonomia na velhice, provando que um organismo saud\u00e1vel n\u00e3o \u00e9 aquele que exibe o menor peso poss\u00edvel, mas sim o que apresenta melhor mobilidade, capacidade funcional e composi\u00e7\u00e3o corporal equilibrada.<\/p>\n<p>Por Reda\u00e7\u00e3o Acontece<\/p>\n<p>Reprodu\u00e7\u00e3o\/Redes Sociais<\/p>\n","protected":false},"excerpt":{"rendered":"<p>As redes sociais e os consult\u00f3rios m\u00e9dicos est\u00e3o redefinindo o conceito de emagrecimento, tirando o foco exclusivo da balan\u00e7a e voltando a aten\u00e7\u00e3o para a preserva\u00e7\u00e3o da massa magra. Com a alta popularidade dos rem\u00e9dios para obesidade, influenciadores, celebridades e especialistas debatem intensamente o impacto real da perda de peso na estrutura f\u00edsica e na [&hellip;]<\/p>\n","protected":false},"author":0,"featured_media":34245,"comment_status":"open","ping_status":"open","sticky":false,"template":"","format":"standard","meta":{"footnotes":""},"categories":[28],"tags":[],"class_list":["post-34238","post","type-post","status-publish","format-standard","has-post-thumbnail","hentry","category-mundo"],"_links":{"self":[{"href":"https:\/\/acontecenafronteira.com.br\/index.php\/wp-json\/wp\/v2\/posts\/34238","targetHints":{"allow":["GET"]}}],"collection":[{"href":"https:\/\/acontecenafronteira.com.br\/index.php\/wp-json\/wp\/v2\/posts"}],"about":[{"href":"https:\/\/acontecenafronteira.com.br\/index.php\/wp-json\/wp\/v2\/types\/post"}],"replies":[{"embeddable":true,"href":"https:\/\/acontecenafronteira.com.br\/index.php\/wp-json\/wp\/v2\/comments?post=34238"}],"version-history":[{"count":1,"href":"https:\/\/acontecenafronteira.com.br\/index.php\/wp-json\/wp\/v2\/posts\/34238\/revisions"}],"predecessor-version":[{"id":34244,"href":"https:\/\/acontecenafronteira.com.br\/index.php\/wp-json\/wp\/v2\/posts\/34238\/revisions\/34244"}],"wp:featuredmedia":[{"embeddable":true,"href":"https:\/\/acontecenafronteira.com.br\/index.php\/wp-json\/wp\/v2\/media\/34245"}],"wp:attachment":[{"href":"https:\/\/acontecenafronteira.com.br\/index.php\/wp-json\/wp\/v2\/media?parent=34238"}],"wp:term":[{"taxonomy":"category","embeddable":true,"href":"https:\/\/acontecenafronteira.com.br\/index.php\/wp-json\/wp\/v2\/categories?post=34238"},{"taxonomy":"post_tag","embeddable":true,"href":"https:\/\/acontecenafronteira.com.br\/index.php\/wp-json\/wp\/v2\/tags?post=34238"}],"curies":[{"name":"wp","href":"https:\/\/api.w.org\/{rel}","templated":true}]}}