{"id":34237,"date":"2026-09-03T03:36:23","date_gmt":"2026-09-03T06:36:23","guid":{"rendered":"https:\/\/acontecenafronteira.com.br\/?p=34237"},"modified":"2026-09-03T03:36:23","modified_gmt":"2026-09-03T06:36:23","slug":"professora-desaparecida-na-argentina-e-identificada-apos-dna","status":"publish","type":"post","link":"https:\/\/acontecenafronteira.com.br\/index.php\/2026\/09\/03\/professora-desaparecida-na-argentina-e-identificada-apos-dna\/","title":{"rendered":"Professora desaparecida na Argentina \u00e9 identificada ap\u00f3s DNA"},"content":{"rendered":"<p>A Pol\u00edcia de Salta confirmou que os restos mortais localizados em fevereiro na regi\u00e3o de El Enc\u00f3n Grande, no noroeste da Argentina, pertencem \u00e0 professora aposentada Mar\u00eda Ang\u00e9lica Romero, de 64 anos, que estava desaparecida desde 12 de mar\u00e7o de 2025, ap\u00f3s um ano e meio de buscas intensas.<\/p>\n<h2>Como foi feita a identifica\u00e7\u00e3o da professora<\/h2>\n<p>A confirma\u00e7\u00e3o da identidade ocorreu atrav\u00e9s de exames de DNA realizados pela Divis\u00e3o de Pessoas Desaparecidas da pol\u00edcia provincial, um processo que exigiu que os parentes aguardassem quase meio ano pelos resultados oficiais divulgados pela imprensa local.<\/p>\n<p>Com a finaliza\u00e7\u00e3o das etapas burocr\u00e1ticas e legais, o corpo foi entregue aos familiares para as cerim\u00f4nias f\u00fanebres, realizadas no Vicariato da Imaculada Concei\u00e7\u00e3o em La Silleta e conclu\u00eddas com o sepultamento no Cemit\u00e9rio Cristo Rei, embora a fam\u00edlia siga cobrando respostas sobre a causa do falecimento.<\/p>\n<h2>O sumprimento e as buscas iniciais<\/h2>\n<p>Mar\u00eda Ang\u00e9lica saiu de sua resid\u00eancia em La Silleta nas primeiras horas da manh\u00e3 de 12 de mar\u00e7o de 2025, entre 7h e 8h, sem portar documentos, valores em dinheiro ou pertences, dando in\u00edcio a um per\u00edodo sem informa\u00e7\u00f5es concretas sobre seu paradeiro.<\/p>\n<p>Testemunhas relataram ter visto a docente por volta das 7h30 na trilha local que d\u00e1 acesso ao rio, pista que direcionou os esfor\u00e7os iniciais de bombeiros, policiais e volunt\u00e1rios, resultando na localiza\u00e7\u00e3o de pe\u00e7as de vestu\u00e1rio e comprimidos atribu\u00eddos a ela.<\/p>\n<h2>A localiza\u00e7\u00e3o dos restos mortais<\/h2>\n<p>O avan\u00e7o crucial no caso aconteceu no come\u00e7o de fevereiro deste ano, quando os irm\u00e3os Sandro e Orlando Lozada realizavam atividades rurais em uma propriedade da fam\u00edlia e depararam-se com ossadas humanas na zona rural.<\/p>\n<p>Enquanto consertavam uma cerca afetada por transbordamento fluvial, os trabalhadores notaram o comportamento at\u00edpico dos c\u00e3es e encontraram um cr\u00e2nio, acionando imediatamente as autoridades policiais por meio de um morador da regi\u00e3o.<\/p>\n<p>A \u00e1rea isolada e o contexto do achado direcionaram desde o in\u00edcio as suspeitas para o caso da educadora, hip\u00f3tese agora validada pelos laudos gen\u00e9ticos definitivos.<\/p>\n<p>Por Reda\u00e7\u00e3o Acontece<\/p>\n<p>Foto: Divulga\u00e7\u00e3o\/Pol\u00edcia de Salta<\/p>\n","protected":false},"excerpt":{"rendered":"<p>A Pol\u00edcia de Salta confirmou que os restos mortais localizados em fevereiro na regi\u00e3o de El Enc\u00f3n Grande, no noroeste da Argentina, pertencem \u00e0 professora aposentada Mar\u00eda Ang\u00e9lica Romero, de 64 anos, que estava desaparecida desde 12 de mar\u00e7o de 2025, ap\u00f3s um ano e meio de buscas intensas. Como foi feita a identifica\u00e7\u00e3o da [&hellip;]<\/p>\n","protected":false},"author":0,"featured_media":34243,"comment_status":"open","ping_status":"open","sticky":false,"template":"","format":"standard","meta":{"footnotes":""},"categories":[28],"tags":[],"class_list":["post-34237","post","type-post","status-publish","format-standard","has-post-thumbnail","hentry","category-mundo"],"_links":{"self":[{"href":"https:\/\/acontecenafronteira.com.br\/index.php\/wp-json\/wp\/v2\/posts\/34237","targetHints":{"allow":["GET"]}}],"collection":[{"href":"https:\/\/acontecenafronteira.com.br\/index.php\/wp-json\/wp\/v2\/posts"}],"about":[{"href":"https:\/\/acontecenafronteira.com.br\/index.php\/wp-json\/wp\/v2\/types\/post"}],"replies":[{"embeddable":true,"href":"https:\/\/acontecenafronteira.com.br\/index.php\/wp-json\/wp\/v2\/comments?post=34237"}],"version-history":[{"count":1,"href":"https:\/\/acontecenafronteira.com.br\/index.php\/wp-json\/wp\/v2\/posts\/34237\/revisions"}],"predecessor-version":[{"id":34242,"href":"https:\/\/acontecenafronteira.com.br\/index.php\/wp-json\/wp\/v2\/posts\/34237\/revisions\/34242"}],"wp:featuredmedia":[{"embeddable":true,"href":"https:\/\/acontecenafronteira.com.br\/index.php\/wp-json\/wp\/v2\/media\/34243"}],"wp:attachment":[{"href":"https:\/\/acontecenafronteira.com.br\/index.php\/wp-json\/wp\/v2\/media?parent=34237"}],"wp:term":[{"taxonomy":"category","embeddable":true,"href":"https:\/\/acontecenafronteira.com.br\/index.php\/wp-json\/wp\/v2\/categories?post=34237"},{"taxonomy":"post_tag","embeddable":true,"href":"https:\/\/acontecenafronteira.com.br\/index.php\/wp-json\/wp\/v2\/tags?post=34237"}],"curies":[{"name":"wp","href":"https:\/\/api.w.org\/{rel}","templated":true}]}}