{"id":34236,"date":"2026-09-03T03:36:10","date_gmt":"2026-09-03T06:36:10","guid":{"rendered":"https:\/\/acontecenafronteira.com.br\/?p=34236"},"modified":"2026-09-03T03:36:10","modified_gmt":"2026-09-03T06:36:10","slug":"crise-em-ceuta-policia-espanhola-aponta-falha-do-marrocos","status":"publish","type":"post","link":"https:\/\/acontecenafronteira.com.br\/index.php\/2026\/09\/03\/crise-em-ceuta-policia-espanhola-aponta-falha-do-marrocos\/","title":{"rendered":"Crise em Ceuta: Pol\u00edcia espanhola aponta falha do Marrocos"},"content":{"rendered":"<p>Um documento oficial elaborado por investigadores espanh\u00f3is coloca em xeque a postura oficial de Madri ao apontar uma suposta coniv\u00eancia e flexibilidade das for\u00e7as de seguran\u00e7a marroquinas durante a invas\u00e3o migrat\u00f3ria que atingiu o enclave de Ceuta nos dias 30 e 31 de julho.<\/p>\n<h2>O papel das autoridades marroquinas na fronteira<\/h2>\n<p>O relat\u00f3rio, assinado por especialistas do Centro Nacional de Imigra\u00e7\u00e3o e Fronteiras (Cenif), destaca que o efetivo policial do pa\u00eds vizinho estava consideravelmente abaixo do normal justamente no momento em que milhares de pessoas cruzavam a divisa.<\/p>\n<p>De acordo com as apura\u00e7\u00f5es internas, os agentes locais adotaram uma postura de total passividade, abstendo-se de conter, dispersar ou afastar a multid\u00e3o que se acumulava nos arredores do per\u00edmetro fronteiri\u00e7o.<\/p>\n<h2>Facilita\u00e7\u00e3o e impacto pol\u00edtico em Madri<\/h2>\n<p>Depoimentos colhidos com estrangeiros que ingressaram no territ\u00f3rio aut\u00f4nomo, somados a registros em v\u00eddeo divulgados por ve\u00edculos de comunica\u00e7\u00e3o e redes sociais, refor\u00e7am a tese de que houve uma esp\u00e9cie de facilita\u00e7\u00e3o deliberada para a travessia irregular.<\/p>\n<p>Essa revela\u00e7\u00e3o traz forte desgaste pol\u00edtico para a gest\u00e3o do premi\u00e9 Pedro S\u00e1nchez, que tem evitado culpar Rabat pelo epis\u00f3dio e reiterado publicamente a confian\u00e7a na parceria com o reino vizinho para o controle das fronteiras.<\/p>\n<h2>Contradi\u00e7\u00f5es e bastidores do poder<\/h2>\n<p>Enquanto a c\u00fapula do Minist\u00e9rio do Interior espanhol nega veementemente a exist\u00eancia de qualquer parecer oficial queponha em d\u00favida a conduta das autoridades marroquinas, o titular da pasta exigiu explica\u00e7\u00f5es imediatas da dire\u00e7\u00e3o-geral da pol\u00edcia sobre o vazamento.<\/p>\n<p>Especialistas em geopol\u00edtica avaliam que o epis\u00f3dio pode ser um recado diplom\u00e1tico relacionado ao sens\u00edvel conflito do Saara Ocidental, ex-col\u00f4nia espanhola administrada majoritariamente por Rabat, mas que enfrenta a oposi\u00e7\u00e3o da Frente Polis\u00e1rio e da Arg\u00e9lia.<\/p>\n<p>A tens\u00e3o evidencia os complexos acordos geopol\u00edticos que envolvem a gest\u00e3o de fronteiras na regi\u00e3o do Estreito de Gibraltar e a vulnerabilidade dos territ\u00f3rios europeus no norte da \u00c1frica.<\/p>\n<p>Por Reda\u00e7\u00e3o Acontece<\/p>\n<p>Foto: Divulga\u00e7\u00e3o \/ Arquivo<\/p>\n","protected":false},"excerpt":{"rendered":"<p>Um documento oficial elaborado por investigadores espanh\u00f3is coloca em xeque a postura oficial de Madri ao apontar uma suposta coniv\u00eancia e flexibilidade das for\u00e7as de seguran\u00e7a marroquinas durante a invas\u00e3o migrat\u00f3ria que atingiu o enclave de Ceuta nos dias 30 e 31 de julho. O papel das autoridades marroquinas na fronteira O relat\u00f3rio, assinado por [&hellip;]<\/p>\n","protected":false},"author":0,"featured_media":34241,"comment_status":"open","ping_status":"open","sticky":false,"template":"","format":"standard","meta":{"footnotes":""},"categories":[28],"tags":[],"class_list":["post-34236","post","type-post","status-publish","format-standard","has-post-thumbnail","hentry","category-mundo"],"_links":{"self":[{"href":"https:\/\/acontecenafronteira.com.br\/index.php\/wp-json\/wp\/v2\/posts\/34236","targetHints":{"allow":["GET"]}}],"collection":[{"href":"https:\/\/acontecenafronteira.com.br\/index.php\/wp-json\/wp\/v2\/posts"}],"about":[{"href":"https:\/\/acontecenafronteira.com.br\/index.php\/wp-json\/wp\/v2\/types\/post"}],"replies":[{"embeddable":true,"href":"https:\/\/acontecenafronteira.com.br\/index.php\/wp-json\/wp\/v2\/comments?post=34236"}],"version-history":[{"count":1,"href":"https:\/\/acontecenafronteira.com.br\/index.php\/wp-json\/wp\/v2\/posts\/34236\/revisions"}],"predecessor-version":[{"id":34240,"href":"https:\/\/acontecenafronteira.com.br\/index.php\/wp-json\/wp\/v2\/posts\/34236\/revisions\/34240"}],"wp:featuredmedia":[{"embeddable":true,"href":"https:\/\/acontecenafronteira.com.br\/index.php\/wp-json\/wp\/v2\/media\/34241"}],"wp:attachment":[{"href":"https:\/\/acontecenafronteira.com.br\/index.php\/wp-json\/wp\/v2\/media?parent=34236"}],"wp:term":[{"taxonomy":"category","embeddable":true,"href":"https:\/\/acontecenafronteira.com.br\/index.php\/wp-json\/wp\/v2\/categories?post=34236"},{"taxonomy":"post_tag","embeddable":true,"href":"https:\/\/acontecenafronteira.com.br\/index.php\/wp-json\/wp\/v2\/tags?post=34236"}],"curies":[{"name":"wp","href":"https:\/\/api.w.org\/{rel}","templated":true}]}}