{"id":34227,"date":"2026-09-03T02:36:56","date_gmt":"2026-09-03T05:36:56","guid":{"rendered":"https:\/\/acontecenafronteira.com.br\/?p=34227"},"modified":"2026-09-03T02:36:56","modified_gmt":"2026-09-03T05:36:56","slug":"pm-investiga-sumico-de-seis-armas-em-batalhao-de-sp","status":"publish","type":"post","link":"https:\/\/acontecenafronteira.com.br\/index.php\/2026\/09\/03\/pm-investiga-sumico-de-seis-armas-em-batalhao-de-sp\/","title":{"rendered":"PM investiga sumi\u00e7o de seis armas em batalh\u00e3o de SP"},"content":{"rendered":"<p>Mesmo ap\u00f3s tr\u00eas semanas de apura\u00e7\u00e3o, a Pol\u00edcia Militar de S\u00e3o Paulo ainda busca esclarecer o desaparecimento de seis <strong>armas de fogo<\/strong> de dentro do 27\u00ba Batalh\u00e3o de Pol\u00edcia Militar Metropolitano (27\u00ba BPM\/M), situado na zona sul da capital paulista.<\/p>\n<h2>Abertura de inqu\u00e9rito e sigilo sobre os armamentos<\/h2>\n<p>Para apurar as circunst\u00e2ncias exatas do extravio, a corpora\u00e7\u00e3o instaurou um Inqu\u00e9rito Policial Militar (IPM) que conta com o acompanhamento direto da Corregedoria.<\/p>\n<p>At\u00e9 o momento, a Secretaria da Seguran\u00e7a P\u00fablica (SSP) informou que as investiga\u00e7\u00f5es continuam com dilig\u00eancias para tentar recuperar o material b\u00e9lico. Caso sejam encontradas irregularidades, os envolvidos poder\u00e3o enfrentar puni\u00e7\u00f5es tanto na esfera administrativa quanto na criminal.<\/p>\n<p>A administra\u00e7\u00e3o do quartel ainda n\u00e3o divulgou quais modelos de armamento sumiram, quando a falta foi notificada pela primeira vez ou se h\u00e1 suspeitos formalmente identificados pelo desvio.<\/p>\n<h2>Hist\u00f3rico de desvios em quart\u00e9is paulistas<\/h2>\n<p>O epis\u00f3dio atual traz \u00e0 tona o debate sobre a seguran\u00e7a em instala\u00e7\u00f5es militares no estado, lembrando outros casos de grande repercuss\u00e3o ocorridos recentemente em territ\u00f3rio paulista.<\/p>\n<p>Em 2023, o furto de 22 armas do Arsenal de Guerra do Ex\u00e9rcito em Barueri, incluindo metralhadoras de grosso calibre, mobilizou autoridades e resultou na responsabiliza\u00e7\u00e3o de militares e civis pela Justi\u00e7a no ano seguinte.<\/p>\n<p>Enquanto o caso do Ex\u00e9rcito envolveu negocia\u00e7\u00f5es com fac\u00e7\u00f5es criminosas e o envolvimento direto de cabos e oficiais por neglig\u00eancia ou a\u00e7\u00e3o, a ocorr\u00eancia recente na Pol\u00edcia Militar segue sob sigilo rigoroso de investiga\u00e7\u00e3o.<\/p>\n<p>As autoridades refor\u00e7am que as buscas pelo armamento desaparecido continuam e novas informa\u00e7\u00f5es devem ser divulgadas assim que o inqu\u00e9rito policial militar apresentar avan\u00e7os concretos.<\/p>\n<p>Por Reda\u00e7\u00e3o Acontece<\/p>\n<p>Imagem: Divulga\u00e7\u00e3o \/ PMESP<\/p>\n","protected":false},"excerpt":{"rendered":"<p>Mesmo ap\u00f3s tr\u00eas semanas de apura\u00e7\u00e3o, a Pol\u00edcia Militar de S\u00e3o Paulo ainda busca esclarecer o desaparecimento de seis armas de fogo de dentro do 27\u00ba Batalh\u00e3o de Pol\u00edcia Militar Metropolitano (27\u00ba BPM\/M), situado na zona sul da capital paulista. Abertura de inqu\u00e9rito e sigilo sobre os armamentos Para apurar as circunst\u00e2ncias exatas do extravio, [&hellip;]<\/p>\n","protected":false},"author":0,"featured_media":34235,"comment_status":"open","ping_status":"open","sticky":false,"template":"","format":"standard","meta":{"footnotes":""},"categories":[6],"tags":[],"class_list":["post-34227","post","type-post","status-publish","format-standard","has-post-thumbnail","hentry","category-mercosul"],"_links":{"self":[{"href":"https:\/\/acontecenafronteira.com.br\/index.php\/wp-json\/wp\/v2\/posts\/34227","targetHints":{"allow":["GET"]}}],"collection":[{"href":"https:\/\/acontecenafronteira.com.br\/index.php\/wp-json\/wp\/v2\/posts"}],"about":[{"href":"https:\/\/acontecenafronteira.com.br\/index.php\/wp-json\/wp\/v2\/types\/post"}],"replies":[{"embeddable":true,"href":"https:\/\/acontecenafronteira.com.br\/index.php\/wp-json\/wp\/v2\/comments?post=34227"}],"version-history":[{"count":1,"href":"https:\/\/acontecenafronteira.com.br\/index.php\/wp-json\/wp\/v2\/posts\/34227\/revisions"}],"predecessor-version":[{"id":34234,"href":"https:\/\/acontecenafronteira.com.br\/index.php\/wp-json\/wp\/v2\/posts\/34227\/revisions\/34234"}],"wp:featuredmedia":[{"embeddable":true,"href":"https:\/\/acontecenafronteira.com.br\/index.php\/wp-json\/wp\/v2\/media\/34235"}],"wp:attachment":[{"href":"https:\/\/acontecenafronteira.com.br\/index.php\/wp-json\/wp\/v2\/media?parent=34227"}],"wp:term":[{"taxonomy":"category","embeddable":true,"href":"https:\/\/acontecenafronteira.com.br\/index.php\/wp-json\/wp\/v2\/categories?post=34227"},{"taxonomy":"post_tag","embeddable":true,"href":"https:\/\/acontecenafronteira.com.br\/index.php\/wp-json\/wp\/v2\/tags?post=34227"}],"curies":[{"name":"wp","href":"https:\/\/api.w.org\/{rel}","templated":true}]}}