{"id":34225,"date":"2026-09-03T02:36:32","date_gmt":"2026-09-03T05:36:32","guid":{"rendered":"https:\/\/acontecenafronteira.com.br\/?p=34225"},"modified":"2026-09-03T02:36:32","modified_gmt":"2026-09-03T05:36:32","slug":"propostas-para-o-metro-df-veja-os-planos-dos-candidatos-ao-gdf","status":"publish","type":"post","link":"https:\/\/acontecenafronteira.com.br\/index.php\/2026\/09\/03\/propostas-para-o-metro-df-veja-os-planos-dos-candidatos-ao-gdf\/","title":{"rendered":"Propostas para o Metr\u00f4-DF: Veja os planos dos candidatos ao GDF"},"content":{"rendered":"<p>Propostas para o Metr\u00f4-DF: Veja os planos dos candidatos ao GDF Descubra as propostas dos 11 candidatos ao GDF para o Metr\u00f4-DF. Saiba mais sobre planos de expans\u00e3o, novas esta\u00e7\u00f5es e tarifa zero. A disputa pelo Governo do Distrito Federal (GDF) re\u00fane 11 candidatos com diferentes projetos voltados para a amplia\u00e7\u00e3o e a melhoria do Metr\u00f4-DF. Entre as principais promessas dos postulantes ao Pal\u00e1cio do Buriti est\u00e3o a constru\u00e7\u00e3o de novas esta\u00e7\u00f5es, a cria\u00e7\u00e3o de ramais in\u00e9ditos, a aquisi\u00e7\u00e3o de novos trens, reformas estruturais e a amplia\u00e7\u00e3o da pol\u00edtica de gratuidade no sistema de transporte p\u00fablico. <\/p>\n<h2>Planos de Celina Le\u00e3o e Ricardo Cappelli para a mobilidade<\/h2>\n<p> A atual governadora e candidata \u00e0 reelei\u00e7\u00e3o, Celina Le\u00e3o (PP), prop\u00f5e concluir a expans\u00e3o da Linha 1 com quatro novas paradas em Samambaia e Ceil\u00e2ndia. Ela tamb\u00e9m planeja estruturar a Linha 2 em dire\u00e7\u00e3o ao Gama, baseada no Estudo de Viabilidade T\u00e9cnica, Econ\u00f4mica e Ambiental (EVTEA), al\u00e9m de fortalecer a integra\u00e7\u00e3o tarif\u00e1ria e ampliar a Tarifa Zero para a popula\u00e7\u00e3o de baixa renda. Atualmente, o programa Vai de Gra\u00e7a garante isen\u00e7\u00e3o aos domingos e feriados, modalidade que gerou debates e inqu\u00e9rito do Minist\u00e9rio P\u00fablico sobre os subs\u00eddios. Por sua vez, Ricardo Cappelli (PSB) aposta na cria\u00e7\u00e3o de um sistema de alta capacidade para o eixo Gama-Santa Maria integrado ao Expresso Sul. O candidato tamb\u00e9m prev\u00ea finalizar as obras em Samambaia, iniciar a expans\u00e3o em Ceil\u00e2ndia e modernizar os sistemas el\u00e9tricos e de controle operacional. <\/p>\n<h2>Propostas de expans\u00e3o de Jos\u00e9 Roberto Arruda e Paula Belmonte<\/h2>\n<p> Jos\u00e9 Roberto Arruda (PSD) apresenta um extenso plano de interven\u00e7\u00f5es, incluindo a entrega das esta\u00e7\u00f5es 104 Sul e Onoyama, al\u00e9m de novas paradas que levariam o modal at\u00e9 o Condom\u00ednio Priv\u00ea e o Sol Nascente. Arruda tamb\u00e9m sugere conex\u00f5es regionais como o metr\u00f4 entre a Rodovi\u00e1ria do Plano Piloto e o Hospital Regional da Asa Norte (HRAN), ramais ligando o Gama e Santa Maria ao Catetinho, e projetos para \u00c1guas Lindas e Luzi\u00e2nia, acompanhados da moderniza\u00e7\u00e3o e climatiza\u00e7\u00e3o da frota atual da s\u00e9rie 2000. No mesmo sentido, Paula Belmonte (PSDB) defende a expans\u00e3o em tr\u00eas eixos principais: norte (em dire\u00e7\u00e3o \u00e0 Asa Norte, Sobradinho e Planaltina), oeste (at\u00e9 o Setor O, Sol Nascente e divisa com Goi\u00e1s) e uma deriva\u00e7\u00e3o sul atendendo Candangol\u00e2ndia, N\u00facleo Bandeirante, Park Way, Gama e Santa Maria. Seus planos incluem ainda a substitui\u00e7\u00e3o de trens antigos e a unifica\u00e7\u00e3o da bilhetagem. <\/p>\n<h2>Investimentos na Asa Norte e novas linhas defendidas por outros candidatos<\/h2>\n<p> Leandro Grass (PT) quer manter o sistema 100% p\u00fablico e, com recursos federais, construir a primeira esta\u00e7\u00e3o da Asa Norte at\u00e9 o HRAN, al\u00e9m de comprar composi\u00e7\u00f5es novas para reduzir a superlota\u00e7\u00e3o e implantar a tarifa zero de forma gradual. Rico Pinheiro (PRTB) tamb\u00e9m foca na chegada dos trilhos \u00e0 Asa Norte, ligando o sistema ao HRAN e \u00e0 Universidade de Bras\u00edlia (UnB), priorizando a redu\u00e7\u00e3o de intervalos com o uso do sistema de sinaliza\u00e7\u00e3o digital CBTC. Kiko Caputo (Novo) prop\u00f5e o avan\u00e7o progressivo rumo a Taguatinga, Sol Nascente\/P\u00f4r do Sol, Gama e Santa Maria, articulando tamb\u00e9m o Trem Intercidades Bras\u00edlia-Luzi\u00e2nia. J\u00e1 Elisson Ferreira (Agir) destaca obras j\u00e1 financiadas pelo BNDES em Samambaia e Ceil\u00e2ndia, um projeto em etapas para a Asa Norte, estudos para a Linha 2 conectando diversas regi\u00f5es administrativas, al\u00e9m da cria\u00e7\u00e3o do painel digital &#8220;Metr\u00f4 em Movimento&#8221; para fiscaliza\u00e7\u00e3o popular. <\/p>\n<h2>Candidatos da esquerda e propostas sociais para o transporte<\/h2>\n<p> A Professora Samara Mineiro (UP) defende a cria\u00e7\u00e3o de uma empresa p\u00fablica de transporte, a estatiza\u00e7\u00e3o e a universaliza\u00e7\u00e3o da malha metrovi\u00e1ria com gratuidade gradual para todo o DF e Entorno. O Professor Robson (PSTU) tamb\u00e9m prega a estatiza\u00e7\u00e3o total do sistema de \u00f4nibus e trilhos sob controle dos trabalhadores, com ado\u00e7\u00e3o imediata da Tarifa Zero como direito social. Por fim, Expedito Mendon\u00e7a (PCO) \u00e9 o \u00fanico entre os concorrentes que n\u00e3o pontua reformas ou amplia\u00e7\u00f5es f\u00edsicas na malha atual, focando sua plataforma de transporte na implementa\u00e7\u00e3o de passe livre exclusivo para desempregados e trabalhadores informais. Por Reda\u00e7\u00e3o Acontece Imagem de Divulga\u00e7\u00e3o \/ Metr\u00f4-DF<\/p>\n","protected":false},"excerpt":{"rendered":"<p>Propostas para o Metr\u00f4-DF: Veja os planos dos candidatos ao GDF Descubra as propostas dos 11 candidatos ao GDF para o Metr\u00f4-DF. Saiba mais sobre planos de expans\u00e3o, novas esta\u00e7\u00f5es e tarifa zero. A disputa pelo Governo do Distrito Federal (GDF) re\u00fane 11 candidatos com diferentes projetos voltados para a amplia\u00e7\u00e3o e a melhoria do [&hellip;]<\/p>\n","protected":false},"author":0,"featured_media":34231,"comment_status":"open","ping_status":"open","sticky":false,"template":"","format":"standard","meta":{"footnotes":""},"categories":[6],"tags":[],"class_list":["post-34225","post","type-post","status-publish","format-standard","has-post-thumbnail","hentry","category-mercosul"],"_links":{"self":[{"href":"https:\/\/acontecenafronteira.com.br\/index.php\/wp-json\/wp\/v2\/posts\/34225","targetHints":{"allow":["GET"]}}],"collection":[{"href":"https:\/\/acontecenafronteira.com.br\/index.php\/wp-json\/wp\/v2\/posts"}],"about":[{"href":"https:\/\/acontecenafronteira.com.br\/index.php\/wp-json\/wp\/v2\/types\/post"}],"replies":[{"embeddable":true,"href":"https:\/\/acontecenafronteira.com.br\/index.php\/wp-json\/wp\/v2\/comments?post=34225"}],"version-history":[{"count":1,"href":"https:\/\/acontecenafronteira.com.br\/index.php\/wp-json\/wp\/v2\/posts\/34225\/revisions"}],"predecessor-version":[{"id":34230,"href":"https:\/\/acontecenafronteira.com.br\/index.php\/wp-json\/wp\/v2\/posts\/34225\/revisions\/34230"}],"wp:featuredmedia":[{"embeddable":true,"href":"https:\/\/acontecenafronteira.com.br\/index.php\/wp-json\/wp\/v2\/media\/34231"}],"wp:attachment":[{"href":"https:\/\/acontecenafronteira.com.br\/index.php\/wp-json\/wp\/v2\/media?parent=34225"}],"wp:term":[{"taxonomy":"category","embeddable":true,"href":"https:\/\/acontecenafronteira.com.br\/index.php\/wp-json\/wp\/v2\/categories?post=34225"},{"taxonomy":"post_tag","embeddable":true,"href":"https:\/\/acontecenafronteira.com.br\/index.php\/wp-json\/wp\/v2\/tags?post=34225"}],"curies":[{"name":"wp","href":"https:\/\/api.w.org\/{rel}","templated":true}]}}