{"id":34224,"date":"2026-09-03T02:36:22","date_gmt":"2026-09-03T05:36:22","guid":{"rendered":"https:\/\/acontecenafronteira.com.br\/?p=34224"},"modified":"2026-09-03T02:36:22","modified_gmt":"2026-09-03T05:36:22","slug":"tarcisio-planeja-ppp-de-r-12-bi-para-rios-tiete-e-pinheiros-em-sp","status":"publish","type":"post","link":"https:\/\/acontecenafronteira.com.br\/index.php\/2026\/09\/03\/tarcisio-planeja-ppp-de-r-12-bi-para-rios-tiete-e-pinheiros-em-sp\/","title":{"rendered":"Tarc\u00edsio planeja PPP de R$ 12 bi para rios Tiet\u00ea e Pinheiros em SP"},"content":{"rendered":"<p>O governador de S\u00e3o Paulo e candidato \u00e0 reelei\u00e7\u00e3o, Tarc\u00edsio de Freitas (Republicanos), pretende ampliar as parcerias com o setor privado em um poss\u00edvel novo mandato, com foco central na revitaliza\u00e7\u00e3o dos rios Tiet\u00ea e Pinheiros por meio de uma nova concess\u00e3o.<\/p>\n<h2>Projeto bilion\u00e1rio para os rios paulistas<\/h2>\n<p>A iniciativa em estudo consiste em uma Parceria P\u00fablico-Privada (PPP) avaliada em R$ 12,5 bilh\u00f5es, com dura\u00e7\u00e3o prevista de 15 anos. A empresa vencedora ficaria encarregada de realizar o desassoreamento cont\u00ednuo, a remo\u00e7\u00e3o de detritos, a recupera\u00e7\u00e3o das margens e programas de educa\u00e7\u00e3o ambiental.<\/p>\n<p>Segundo a secret\u00e1ria estadual de Meio Ambiente, Infraestrutura e Log\u00edstica e coordenadora do plano de governo, Nat\u00e1lia Resende, o modelo garante maior efici\u00eancia e evita lacunas entre o fim de um contrato e o in\u00edcio de outro na calha dos rios, reduzindo riscos de enchentes.<\/p>\n<h2>Novas PPPs na educa\u00e7\u00e3o estadual<\/h2>\n<p>Al\u00e9m dos recursos h\u00eddricos, o modelo de concess\u00f5es pode ser estendido para a rede estadual de ensino. A gest\u00e3o j\u00e1 realizou leil\u00f5es para a constru\u00e7\u00e3o e administra\u00e7\u00e3o de dezenas de escolas e avalia expandir a iniciativa para ampliar o n\u00famero de unidades em tempo integral e com infraestrutura avan\u00e7ada.<\/p>\n<p>A justificativa oficial \u00e9 retirar a responsabilidade por manuten\u00e7\u00f5es e obras da dire\u00e7\u00e3o escolar, permitindo que os profissionais foquem inteiramente no aprendizado dos estudantes, com an\u00e1lises feitas caso a caso, regi\u00e3o por regi\u00e3o.<\/p>\n<h2>Debate pol\u00edtico sobre privatiza\u00e7\u00f5es<\/h2>\n<p>Embora as privatiza\u00e7\u00f5es n\u00e3o ocupem um cap\u00edtulo exclusivo no plano oficial de governo, as concess\u00f5es representam um pilar estrat\u00e9gico para viabilizar entregas na gest\u00e3o. O tema, contudo, gera diverg\u00eancias no cen\u00e1rio pol\u00edtico e eleitoral paulista.<\/p>\n<p>Enquanto a equipe governista defende a vis\u00e3o t\u00e9cnica das parcerias para acelerar melhorias, a oposi\u00e7\u00e3o liderada por Fernando Haddad (PT) critica medidas como a venda da Sabesp e concess\u00f5es ferrovi\u00e1rias, utilizando o debate para tentar reverter a vantagem do atual governador nas pesquisas de inten\u00e7\u00e3o de voto.<\/p>\n<p>Por Reda\u00e7\u00e3o Acontece<\/p>\n<p>Foto: Chris Cunha\/Governo de SP<\/p>\n","protected":false},"excerpt":{"rendered":"<p>O governador de S\u00e3o Paulo e candidato \u00e0 reelei\u00e7\u00e3o, Tarc\u00edsio de Freitas (Republicanos), pretende ampliar as parcerias com o setor privado em um poss\u00edvel novo mandato, com foco central na revitaliza\u00e7\u00e3o dos rios Tiet\u00ea e Pinheiros por meio de uma nova concess\u00e3o. Projeto bilion\u00e1rio para os rios paulistas A iniciativa em estudo consiste em uma [&hellip;]<\/p>\n","protected":false},"author":0,"featured_media":34229,"comment_status":"open","ping_status":"open","sticky":false,"template":"","format":"standard","meta":{"footnotes":""},"categories":[6],"tags":[],"class_list":["post-34224","post","type-post","status-publish","format-standard","has-post-thumbnail","hentry","category-mercosul"],"_links":{"self":[{"href":"https:\/\/acontecenafronteira.com.br\/index.php\/wp-json\/wp\/v2\/posts\/34224","targetHints":{"allow":["GET"]}}],"collection":[{"href":"https:\/\/acontecenafronteira.com.br\/index.php\/wp-json\/wp\/v2\/posts"}],"about":[{"href":"https:\/\/acontecenafronteira.com.br\/index.php\/wp-json\/wp\/v2\/types\/post"}],"replies":[{"embeddable":true,"href":"https:\/\/acontecenafronteira.com.br\/index.php\/wp-json\/wp\/v2\/comments?post=34224"}],"version-history":[{"count":1,"href":"https:\/\/acontecenafronteira.com.br\/index.php\/wp-json\/wp\/v2\/posts\/34224\/revisions"}],"predecessor-version":[{"id":34228,"href":"https:\/\/acontecenafronteira.com.br\/index.php\/wp-json\/wp\/v2\/posts\/34224\/revisions\/34228"}],"wp:featuredmedia":[{"embeddable":true,"href":"https:\/\/acontecenafronteira.com.br\/index.php\/wp-json\/wp\/v2\/media\/34229"}],"wp:attachment":[{"href":"https:\/\/acontecenafronteira.com.br\/index.php\/wp-json\/wp\/v2\/media?parent=34224"}],"wp:term":[{"taxonomy":"category","embeddable":true,"href":"https:\/\/acontecenafronteira.com.br\/index.php\/wp-json\/wp\/v2\/categories?post=34224"},{"taxonomy":"post_tag","embeddable":true,"href":"https:\/\/acontecenafronteira.com.br\/index.php\/wp-json\/wp\/v2\/tags?post=34224"}],"curies":[{"name":"wp","href":"https:\/\/api.w.org\/{rel}","templated":true}]}}