{"id":34215,"date":"2026-09-03T02:36:17","date_gmt":"2026-09-03T05:36:17","guid":{"rendered":"https:\/\/acontecenafronteira.com.br\/?p=34215"},"modified":"2026-09-03T02:36:17","modified_gmt":"2026-09-03T05:36:17","slug":"pgr-firma-delacao-em-esquema-ligado-a-filme-sobre-bolsonaro","status":"publish","type":"post","link":"https:\/\/acontecenafronteira.com.br\/index.php\/2026\/09\/03\/pgr-firma-delacao-em-esquema-ligado-a-filme-sobre-bolsonaro\/","title":{"rendered":"PGR firma dela\u00e7\u00e3o em esquema ligado a filme sobre Bolsonaro"},"content":{"rendered":"<p>A Procuradoria-Geral da Rep\u00fablica (PGR) firmou um acordo de colabora\u00e7\u00e3o premiada com o operador do mercado financeiro Antonio Carlos Freixo J\u00fanior, conhecido como Mineiro. O delator \u00e9 propriet\u00e1rio da Entre Investimentos e Participa\u00e7\u00f5es, companhia apontada como canal para transfer\u00eancias financeiras entre o banqueiro Daniel Vorcaro e a equipe de produ\u00e7\u00e3o do longa-metragem &#8220;Dark Horse&#8221;.<\/p>\n<h2>Detalhes do financiamento cinematogr\u00e1fico<\/h2>\n<p>A obra audiovisual aborda a trajet\u00f3ria pol\u00edtica do ex-presidente Jair Bolsonaro e gerou controv\u00e9rsias devido \u00e0 origem dos recursos utilizados em sua realiza\u00e7\u00e3o. O empres\u00e1rio agora colabora com as autoridades para esclarecer o fluxo do dinheiro.<\/p>\n<h2>O papel da Entre Investimentos<\/h2>\n<p>A empresa de Freixo J\u00fanior funcionou como um mecanismo de intermedia\u00e7\u00e3o para os pagamentos direcionados \u00e0 produ\u00e7\u00e3o cinematogr\u00e1fica. As investiga\u00e7\u00f5es buscam mapear todas as conex\u00f5es financeiras por tr\u00e1s do projeto e a participa\u00e7\u00e3o dos envolvidos no esquema.<\/p>\n<h2>Investiga\u00e7\u00e3o sobre o fundo de advogado<\/h2>\n<p>O caso envolve repasses que levantaram suspeitas sobre a legalidade das transa\u00e7\u00f5es destinadas ao filme biogr\u00e1fico. A dela\u00e7\u00e3o premiada promete trazer novos elementos para o inqu\u00e9rito conduzido pelos \u00f3rg\u00e3os competentes.<\/p>\n<p>O avan\u00e7o nas negocia\u00e7\u00f5es com a justi\u00e7a pode revelar mais detalhes sobre a rede de financiamento e o envolvimento de diferentes figuras do mercado financeiro e do cen\u00e1rio pol\u00edtico nacional nas produ\u00e7\u00f5es.<\/p>\n<p>Por Reda\u00e7\u00e3o Acontece<\/p>\n<p>Cr\u00e9ditos da imagem: Reprodu\u00e7\u00e3o<\/p>\n","protected":false},"excerpt":{"rendered":"<p>A Procuradoria-Geral da Rep\u00fablica (PGR) firmou um acordo de colabora\u00e7\u00e3o premiada com o operador do mercado financeiro Antonio Carlos Freixo J\u00fanior, conhecido como Mineiro. O delator \u00e9 propriet\u00e1rio da Entre Investimentos e Participa\u00e7\u00f5es, companhia apontada como canal para transfer\u00eancias financeiras entre o banqueiro Daniel Vorcaro e a equipe de produ\u00e7\u00e3o do longa-metragem &#8220;Dark Horse&#8221;. Detalhes [&hellip;]<\/p>\n","protected":false},"author":0,"featured_media":34223,"comment_status":"open","ping_status":"open","sticky":false,"template":"","format":"standard","meta":{"footnotes":""},"categories":[28],"tags":[],"class_list":["post-34215","post","type-post","status-publish","format-standard","has-post-thumbnail","hentry","category-mundo"],"_links":{"self":[{"href":"https:\/\/acontecenafronteira.com.br\/index.php\/wp-json\/wp\/v2\/posts\/34215","targetHints":{"allow":["GET"]}}],"collection":[{"href":"https:\/\/acontecenafronteira.com.br\/index.php\/wp-json\/wp\/v2\/posts"}],"about":[{"href":"https:\/\/acontecenafronteira.com.br\/index.php\/wp-json\/wp\/v2\/types\/post"}],"replies":[{"embeddable":true,"href":"https:\/\/acontecenafronteira.com.br\/index.php\/wp-json\/wp\/v2\/comments?post=34215"}],"version-history":[{"count":1,"href":"https:\/\/acontecenafronteira.com.br\/index.php\/wp-json\/wp\/v2\/posts\/34215\/revisions"}],"predecessor-version":[{"id":34222,"href":"https:\/\/acontecenafronteira.com.br\/index.php\/wp-json\/wp\/v2\/posts\/34215\/revisions\/34222"}],"wp:featuredmedia":[{"embeddable":true,"href":"https:\/\/acontecenafronteira.com.br\/index.php\/wp-json\/wp\/v2\/media\/34223"}],"wp:attachment":[{"href":"https:\/\/acontecenafronteira.com.br\/index.php\/wp-json\/wp\/v2\/media?parent=34215"}],"wp:term":[{"taxonomy":"category","embeddable":true,"href":"https:\/\/acontecenafronteira.com.br\/index.php\/wp-json\/wp\/v2\/categories?post=34215"},{"taxonomy":"post_tag","embeddable":true,"href":"https:\/\/acontecenafronteira.com.br\/index.php\/wp-json\/wp\/v2\/tags?post=34215"}],"curies":[{"name":"wp","href":"https:\/\/api.w.org\/{rel}","templated":true}]}}