{"id":34203,"date":"2026-09-03T01:37:01","date_gmt":"2026-09-03T04:37:01","guid":{"rendered":"https:\/\/acontecenafronteira.com.br\/?p=34203"},"modified":"2026-09-03T01:37:01","modified_gmt":"2026-09-03T04:37:01","slug":"pt-aciona-flavio-bolsonaro-no-senado-por-caso-dark-horse","status":"publish","type":"post","link":"https:\/\/acontecenafronteira.com.br\/index.php\/2026\/09\/03\/pt-aciona-flavio-bolsonaro-no-senado-por-caso-dark-horse\/","title":{"rendered":"PT aciona Fl\u00e1vio Bolsonaro no Senado por caso Dark Horse"},"content":{"rendered":"<p>O Partido dos Trabalhadores protocolou formalmente uma representa\u00e7\u00e3o no Conselho de \u00c9tica do Senado Federal contra o senador e candidato \u00e0 Presid\u00eancia Fl\u00e1vio Bolsonaro, afiliado ao PL.<\/p>\n<h2>Entenda a den\u00fancia apresentada pelo PT<\/h2>\n<p>O partido solicita que a Casa legislativa investigue a suposta liga\u00e7\u00e3o do parlamentar com o banqueiro Daniel Vorcaro, al\u00e9m de sua atua\u00e7\u00e3o nos arranjos para obter recursos destinados ao filme Dark Horse, obra que retrata a trajet\u00f3ria do ex-presidente Jair Bolsonaro.<\/p>\n<p>De acordo com documento divulgado pelo l\u00edder da legenda na Casa, senador Camilo Santana, relat\u00f3rios da imprensa entram em choque direto com as justificativas dadas anteriormente por Fl\u00e1vio, especialmente no que tange \u00e0 nega\u00e7\u00e3o de qualquer v\u00ednculo amig\u00e1vel com Vorcaro.<\/p>\n<h2>Investiga\u00e7\u00e3o e defesa no Conselho de \u00c9tica<\/h2>\n<p>O texto da representa\u00e7\u00e3o enfatiza que o Senado n\u00e3o deve negligenciar ocorr\u00eancias desse porte, destacando que a imunidade parlamentar n\u00e3o deve funcionar como prote\u00e7\u00e3o para ludibriar a popula\u00e7\u00e3o. O diretoria petista pontua que o processo garantir\u00e1 direito amplo de defesa ao investigado, mas cobra rigor e independ\u00eancia do colegiado \u00e9tico.<\/p>\n<p>O longa-metragem em quest\u00e3o obteve um repasse de R$ 61 milh\u00f5es viabilizado por Daniel Vorcaro, propriet\u00e1rio do Banco Master. Conforme dados levantados pela Pol\u00edcia Federal, a quantia integra uma tratativa internacional de US$ 24 milh\u00f5es, o equivalente a aproximadamente R$ 134 milh\u00f5es voltados ao projeto cinematogr\u00e1fico.<\/p>\n<h2>Contradi\u00e7\u00f5es e o financiamento milion\u00e1rio<\/h2>\n<p>A conex\u00e3o entre o senador e o banqueiro virou alvo de escrut\u00ednio ap\u00f3s a divulga\u00e7\u00e3o de conversas via aplicativo entre ambos, nas quais o pol\u00edtico declarava estar permanentemente ao lado do empres\u00e1rio. Questionado publicamente, o parlamentar justificou inicialmente que o contato era estritamente particular e voltado \u00e0 capta\u00e7\u00e3o de recursos para o cinema, negando trocas de favores vinculadas ao seu cargo pol\u00edtico.<\/p>\n<p>Apesar de prometer inicialmente a apresenta\u00e7\u00e3o de pap\u00e9is comprobat\u00f3rios sobre a movimenta\u00e7\u00e3o financeira, a defesa passou a argumentar posteriormente que o dever de prestar contas cabe exclusivamente \u00e0 empresa produtora do filme, e n\u00e3o ao pol\u00edtico.<\/p>\n<p>Por Reda\u00e7\u00e3o Acontece<\/p>\n<p>Cr\u00e9ditos da imagem: Divulga\u00e7\u00e3o \/ Senado Federal<\/p>\n","protected":false},"excerpt":{"rendered":"<p>O Partido dos Trabalhadores protocolou formalmente uma representa\u00e7\u00e3o no Conselho de \u00c9tica do Senado Federal contra o senador e candidato \u00e0 Presid\u00eancia Fl\u00e1vio Bolsonaro, afiliado ao PL. Entenda a den\u00fancia apresentada pelo PT O partido solicita que a Casa legislativa investigue a suposta liga\u00e7\u00e3o do parlamentar com o banqueiro Daniel Vorcaro, al\u00e9m de sua atua\u00e7\u00e3o [&hellip;]<\/p>\n","protected":false},"author":0,"featured_media":34211,"comment_status":"open","ping_status":"open","sticky":false,"template":"","format":"standard","meta":{"footnotes":""},"categories":[6],"tags":[],"class_list":["post-34203","post","type-post","status-publish","format-standard","has-post-thumbnail","hentry","category-mercosul"],"_links":{"self":[{"href":"https:\/\/acontecenafronteira.com.br\/index.php\/wp-json\/wp\/v2\/posts\/34203","targetHints":{"allow":["GET"]}}],"collection":[{"href":"https:\/\/acontecenafronteira.com.br\/index.php\/wp-json\/wp\/v2\/posts"}],"about":[{"href":"https:\/\/acontecenafronteira.com.br\/index.php\/wp-json\/wp\/v2\/types\/post"}],"replies":[{"embeddable":true,"href":"https:\/\/acontecenafronteira.com.br\/index.php\/wp-json\/wp\/v2\/comments?post=34203"}],"version-history":[{"count":1,"href":"https:\/\/acontecenafronteira.com.br\/index.php\/wp-json\/wp\/v2\/posts\/34203\/revisions"}],"predecessor-version":[{"id":34210,"href":"https:\/\/acontecenafronteira.com.br\/index.php\/wp-json\/wp\/v2\/posts\/34203\/revisions\/34210"}],"wp:featuredmedia":[{"embeddable":true,"href":"https:\/\/acontecenafronteira.com.br\/index.php\/wp-json\/wp\/v2\/media\/34211"}],"wp:attachment":[{"href":"https:\/\/acontecenafronteira.com.br\/index.php\/wp-json\/wp\/v2\/media?parent=34203"}],"wp:term":[{"taxonomy":"category","embeddable":true,"href":"https:\/\/acontecenafronteira.com.br\/index.php\/wp-json\/wp\/v2\/categories?post=34203"},{"taxonomy":"post_tag","embeddable":true,"href":"https:\/\/acontecenafronteira.com.br\/index.php\/wp-json\/wp\/v2\/tags?post=34203"}],"curies":[{"name":"wp","href":"https:\/\/api.w.org\/{rel}","templated":true}]}}