{"id":34202,"date":"2026-09-03T01:36:57","date_gmt":"2026-09-03T04:36:57","guid":{"rendered":"https:\/\/acontecenafronteira.com.br\/?p=34202"},"modified":"2026-09-03T01:36:57","modified_gmt":"2026-09-03T04:36:57","slug":"cuca-lamenta-lesoes-de-neymar-e-eliminacao-do-santos","status":"publish","type":"post","link":"https:\/\/acontecenafronteira.com.br\/index.php\/2026\/09\/03\/cuca-lamenta-lesoes-de-neymar-e-eliminacao-do-santos\/","title":{"rendered":"Cuca lamenta les\u00f5es de Neymar e elimina\u00e7\u00e3o do Santos"},"content":{"rendered":"<p>A noite desta quarta-feira (2\/9) foi de forte tens\u00e3o para a torcida santista. O Peixe ficou no empate sem gols com o rival Palmeiras e acabou <strong>eliminado da Copa do Brasil<\/strong>, resultado que veio acompanhado de grande preocupa\u00e7\u00e3o com o departamento m\u00e9dico devido a uma s\u00e9rie de problemas f\u00edsicos durante o cl\u00e1ssico.<\/p>\n<h2>Preocupa\u00e7\u00e3o com o departamento m\u00e9dico<\/h2>\n<p>O t\u00e9cnico Cuca teve que lidar com imprevistos logo em campo. A equipe alvinegra perdeu <strong>Neymar<\/strong>, Barreal e Lucas Ver\u00edssimo, todos substituidos ap\u00f3s se lesionarem ao longo da partida eliminat\u00f3ria.<\/p>\n<p>Na entrevista coletiva concedida ap\u00f3s o apito final, o comandante comentou sobre a situa\u00e7\u00e3o dos atletas e admitiu que o grupo precisar\u00e1 demonstrar for\u00e7a para superar essa fase dif\u00edcil. A expectativa agora \u00e9 pela realiza\u00e7\u00e3o de exames detalhados.<\/p>\n<p>\u201cPerdemos o Neymar, perdemos o Barreal, perdemos o Lucas e tem que fazer for\u00e7a de grupo agora. Torcer para que estas les\u00f5es deles n\u00e3o sejam graves e que eles possam retornar o quanto antes. As les\u00f5es a gente ainda n\u00e3o tem nada apurado. O Lucas \u00e9 tornozelo, as outras duas acho que \u00e9 muscular, mas a\u00ed vai fazer o exame para ver o tipo e o grau de les\u00e3o que \u00e9\u201d, pontuou o treinador.<\/p>\n<h2>An\u00e1lise do desempenho no cl\u00e1ssico<\/h2>\n<p>Apesar da queda no torneio nacional, o comandante avaliou que o desempenho alvinegro nos minutos iniciais foi positivo, embora tenha faltado maior objetividade no ter\u00e7o final do campo para transformar o controle da posse em vantagem no placar.<\/p>\n<p>No entendimento da comiss\u00e3o t\u00e9cnica, faltou um pouco mais de agressividade para concluir as jogadas e infiltrar na \u00e1rea advers\u00e1ria, o que poderia ter mudado o rumo do confronto decisivo.<\/p>\n<h2>Novos refor\u00e7os para a sequ\u00eancia<\/h2>\n<p>Pensando nos pr\u00f3ximos desafios do ano, o clube j\u00e1 agiu no mercado e oficializou as chegadas do lateral Rodinei e do meio-campista Arthur, atleta vers\u00e1til que j\u00e1 realiza atividades com o restante do elenco.<\/p>\n<p>O pr\u00f3ximo compromisso da equipe ser\u00e1 neste domingo (6\/9), quando o time visita o Internacional no est\u00e1dio Beira-Rio, em partida v\u00e1lida pela 26\u00aa rodada do Campeonato Brasileiro.<\/p>\n<p>Por Reda\u00e7\u00e3o Acontece<\/p>\n<p>Foto: Ricardo Moreira\/Getty Images<\/p>\n","protected":false},"excerpt":{"rendered":"<p>A noite desta quarta-feira (2\/9) foi de forte tens\u00e3o para a torcida santista. O Peixe ficou no empate sem gols com o rival Palmeiras e acabou eliminado da Copa do Brasil, resultado que veio acompanhado de grande preocupa\u00e7\u00e3o com o departamento m\u00e9dico devido a uma s\u00e9rie de problemas f\u00edsicos durante o cl\u00e1ssico. Preocupa\u00e7\u00e3o com o [&hellip;]<\/p>\n","protected":false},"author":0,"featured_media":34209,"comment_status":"open","ping_status":"open","sticky":false,"template":"","format":"standard","meta":{"footnotes":""},"categories":[6],"tags":[],"class_list":["post-34202","post","type-post","status-publish","format-standard","has-post-thumbnail","hentry","category-mercosul"],"_links":{"self":[{"href":"https:\/\/acontecenafronteira.com.br\/index.php\/wp-json\/wp\/v2\/posts\/34202","targetHints":{"allow":["GET"]}}],"collection":[{"href":"https:\/\/acontecenafronteira.com.br\/index.php\/wp-json\/wp\/v2\/posts"}],"about":[{"href":"https:\/\/acontecenafronteira.com.br\/index.php\/wp-json\/wp\/v2\/types\/post"}],"replies":[{"embeddable":true,"href":"https:\/\/acontecenafronteira.com.br\/index.php\/wp-json\/wp\/v2\/comments?post=34202"}],"version-history":[{"count":1,"href":"https:\/\/acontecenafronteira.com.br\/index.php\/wp-json\/wp\/v2\/posts\/34202\/revisions"}],"predecessor-version":[{"id":34208,"href":"https:\/\/acontecenafronteira.com.br\/index.php\/wp-json\/wp\/v2\/posts\/34202\/revisions\/34208"}],"wp:featuredmedia":[{"embeddable":true,"href":"https:\/\/acontecenafronteira.com.br\/index.php\/wp-json\/wp\/v2\/media\/34209"}],"wp:attachment":[{"href":"https:\/\/acontecenafronteira.com.br\/index.php\/wp-json\/wp\/v2\/media?parent=34202"}],"wp:term":[{"taxonomy":"category","embeddable":true,"href":"https:\/\/acontecenafronteira.com.br\/index.php\/wp-json\/wp\/v2\/categories?post=34202"},{"taxonomy":"post_tag","embeddable":true,"href":"https:\/\/acontecenafronteira.com.br\/index.php\/wp-json\/wp\/v2\/tags?post=34202"}],"curies":[{"name":"wp","href":"https:\/\/api.w.org\/{rel}","templated":true}]}}