{"id":34200,"date":"2026-09-03T01:36:41","date_gmt":"2026-09-03T04:36:41","guid":{"rendered":"https:\/\/acontecenafronteira.com.br\/?p=34200"},"modified":"2026-09-03T01:36:41","modified_gmt":"2026-09-03T04:36:41","slug":"stj-mantem-alexandre-nardoni-e-anna-jatoba-no-regime-aberto","status":"publish","type":"post","link":"https:\/\/acontecenafronteira.com.br\/index.php\/2026\/09\/03\/stj-mantem-alexandre-nardoni-e-anna-jatoba-no-regime-aberto\/","title":{"rendered":"STJ mant\u00e9m Alexandre Nardoni e Anna Jatob\u00e1 no regime aberto"},"content":{"rendered":"<p>A Justi\u00e7a determinou que Alexandre Nardoni e Anna Carolina Jatob\u00e1 continuem cumprindo pena em regime aberto, ap\u00f3s a rejei\u00e7\u00e3o de um recurso no Superior Tribunal de Justi\u00e7a (STJ) nesta quarta-feira (2\/9).<\/p>\n<h2>A decis\u00e3o da Corte Superior<\/h2>\n<p>A 5\u00aa Turma do tribunal analisou o caso entre os dias 27 de agosto e 2 de setembro, optando por negar o pedido de forma un\u00e2nime devido a falhas formais no recolhimento das custas processuais.<\/p>\n<h2>Motivos do pedido de revoga\u00e7\u00e3o<\/h2>\n<p>O recurso apresentado pela Associa\u00e7\u00e3o do Orgulho LGBTQIAPN+ questionava a manuten\u00e7\u00e3o do benef\u00edcio sob a justificativa de que o casal teria violado as regras estabelecidas para a progress\u00e3o de pena.<\/p>\n<p>Entre os argumentos levantados estavam questionamentos acerca da atividade laboral declarada por Alexandre Nardoni, poss\u00edveis deslocamentos fora dos hor\u00e1rios permitidos e diverg\u00eancias no endere\u00e7o residencial fornecido \u00e0 justi\u00e7a.<\/p>\n<h2>Hist\u00f3rico do crime e condena\u00e7\u00e3o<\/h2>\n<p>O assassinato de Isabella Nardoni ocorreu em 2008, na zona norte de S\u00e3o Paulo, quando a v\u00edtima tinha apenas 5 anos de idade. A per\u00edcia apontou que a menina foi lan\u00e7ada da janela do sexto andar do edif\u00edcio residencial onde o pai e a madrasta residiam.<\/p>\n<p>Embora tenham negado a autoria do homic\u00eddio desde o in\u00edcio, sustentando a tese de invas\u00e3o por um terceiro, ambos foram sentenciados em 2010 por homic\u00eddio triplamente qualificado e fraude processual.<\/p>\n<p>Alexandre Nardoni recebeu uma condena\u00e7\u00e3o de 31 anos, 1 m\u00eas e 10 dias, com agravante por parentesco, enquanto Anna Carolina Jatob\u00e1 foi condenada a 26 anos e 8 meses de reclus\u00e3o.<\/p>\n<p>Atualmente, os condenados encontram-se em liberdade condicional controlada pelo regime aberto, com Jatob\u00e1 obtendo o benef\u00edcio em junho de 2023 e Nardoni em maio de 2024.<\/p>\n<p>Por Reda\u00e7\u00e3o Acontece<\/p>\n<p>Foto: Divulga\u00e7\u00e3o \/ STJ<\/p>\n","protected":false},"excerpt":{"rendered":"<p>A Justi\u00e7a determinou que Alexandre Nardoni e Anna Carolina Jatob\u00e1 continuem cumprindo pena em regime aberto, ap\u00f3s a rejei\u00e7\u00e3o de um recurso no Superior Tribunal de Justi\u00e7a (STJ) nesta quarta-feira (2\/9). A decis\u00e3o da Corte Superior A 5\u00aa Turma do tribunal analisou o caso entre os dias 27 de agosto e 2 de setembro, optando [&hellip;]<\/p>\n","protected":false},"author":0,"featured_media":34205,"comment_status":"open","ping_status":"open","sticky":false,"template":"","format":"standard","meta":{"footnotes":""},"categories":[6],"tags":[],"class_list":["post-34200","post","type-post","status-publish","format-standard","has-post-thumbnail","hentry","category-mercosul"],"_links":{"self":[{"href":"https:\/\/acontecenafronteira.com.br\/index.php\/wp-json\/wp\/v2\/posts\/34200","targetHints":{"allow":["GET"]}}],"collection":[{"href":"https:\/\/acontecenafronteira.com.br\/index.php\/wp-json\/wp\/v2\/posts"}],"about":[{"href":"https:\/\/acontecenafronteira.com.br\/index.php\/wp-json\/wp\/v2\/types\/post"}],"replies":[{"embeddable":true,"href":"https:\/\/acontecenafronteira.com.br\/index.php\/wp-json\/wp\/v2\/comments?post=34200"}],"version-history":[{"count":1,"href":"https:\/\/acontecenafronteira.com.br\/index.php\/wp-json\/wp\/v2\/posts\/34200\/revisions"}],"predecessor-version":[{"id":34204,"href":"https:\/\/acontecenafronteira.com.br\/index.php\/wp-json\/wp\/v2\/posts\/34200\/revisions\/34204"}],"wp:featuredmedia":[{"embeddable":true,"href":"https:\/\/acontecenafronteira.com.br\/index.php\/wp-json\/wp\/v2\/media\/34205"}],"wp:attachment":[{"href":"https:\/\/acontecenafronteira.com.br\/index.php\/wp-json\/wp\/v2\/media?parent=34200"}],"wp:term":[{"taxonomy":"category","embeddable":true,"href":"https:\/\/acontecenafronteira.com.br\/index.php\/wp-json\/wp\/v2\/categories?post=34200"},{"taxonomy":"post_tag","embeddable":true,"href":"https:\/\/acontecenafronteira.com.br\/index.php\/wp-json\/wp\/v2\/tags?post=34200"}],"curies":[{"name":"wp","href":"https:\/\/api.w.org\/{rel}","templated":true}]}}