{"id":34189,"date":"2026-09-03T01:36:12","date_gmt":"2026-09-03T04:36:12","guid":{"rendered":"https:\/\/acontecenafronteira.com.br\/?p=34189"},"modified":"2026-09-03T01:36:12","modified_gmt":"2026-09-03T04:36:12","slug":"quem-ama-cuida-pilar-desmascara-andreia-em-reviravolta","status":"publish","type":"post","link":"https:\/\/acontecenafronteira.com.br\/index.php\/2026\/09\/03\/quem-ama-cuida-pilar-desmascara-andreia-em-reviravolta\/","title":{"rendered":"Quem ama cuida: Pilar desmascara Andr\u00e9ia em reviravolta"},"content":{"rendered":"<p>A teledramaturgia brasileira reserva grandes emo\u00e7\u00f5es para os telespectadores que acompanham a trama de Quem ama cuida. Nos pr\u00f3ximos epis\u00f3dios da novela, uma reviravolta impressionante promete movimentar a hist\u00f3ria e prender a aten\u00e7\u00e3o do p\u00fablico diante da televis\u00e3o.<\/p>\n<h2>A descoberta da verdade<\/h2>\n<p>A personagem Pilar, vivida pela talentosa atriz Isabel Teixeira, finalmente desvendar\u00e1 a mentira que vinha sendo sustentada ao longo da narrativa. A farsa armada por Andr\u00e9ia, papel interpretado por Duda Almeida, vir\u00e1 \u00e0 tona de maneira dram\u00e1tica.<\/p>\n<h2>Consequ\u00eancias da mentira<\/h2>\n<p>O momento do desmascaramento marcar\u00e1 uma das cenas mais intensas da produ\u00e7\u00e3o televisiva recente. Com a verdade revelada, a din\u00e2mica entre as personagens sofrer\u00e1 uma transforma\u00e7\u00e3o dr\u00e1stica, mudando os rumos da hist\u00f3ria principal.<\/p>\n<p>Os desdobramentos dessa revela\u00e7\u00e3o prometem impactar diretamente outros n\u00facleos da novela, gerando novos conflitos e expectativas para o p\u00fablico que segue cada detalhe da trama diariamente.<\/p>\n<p>Acompanhe todas as novidades dos seus programas favoritos e fique por dentro dos resumos completos das principais produ\u00e7\u00f5es da televis\u00e3o nacional.<\/p>\n<p>Por Reda\u00e7\u00e3o Acontece<\/p>\n<p>Cr\u00e9ditos da imagem: Divulga\u00e7\u00e3o \/ TV<\/p>\n","protected":false},"excerpt":{"rendered":"<p>A teledramaturgia brasileira reserva grandes emo\u00e7\u00f5es para os telespectadores que acompanham a trama de Quem ama cuida. Nos pr\u00f3ximos epis\u00f3dios da novela, uma reviravolta impressionante promete movimentar a hist\u00f3ria e prender a aten\u00e7\u00e3o do p\u00fablico diante da televis\u00e3o. A descoberta da verdade A personagem Pilar, vivida pela talentosa atriz Isabel Teixeira, finalmente desvendar\u00e1 a mentira [&hellip;]<\/p>\n","protected":false},"author":0,"featured_media":34195,"comment_status":"open","ping_status":"open","sticky":false,"template":"","format":"standard","meta":{"footnotes":""},"categories":[28],"tags":[],"class_list":["post-34189","post","type-post","status-publish","format-standard","has-post-thumbnail","hentry","category-mundo"],"_links":{"self":[{"href":"https:\/\/acontecenafronteira.com.br\/index.php\/wp-json\/wp\/v2\/posts\/34189","targetHints":{"allow":["GET"]}}],"collection":[{"href":"https:\/\/acontecenafronteira.com.br\/index.php\/wp-json\/wp\/v2\/posts"}],"about":[{"href":"https:\/\/acontecenafronteira.com.br\/index.php\/wp-json\/wp\/v2\/types\/post"}],"replies":[{"embeddable":true,"href":"https:\/\/acontecenafronteira.com.br\/index.php\/wp-json\/wp\/v2\/comments?post=34189"}],"version-history":[{"count":1,"href":"https:\/\/acontecenafronteira.com.br\/index.php\/wp-json\/wp\/v2\/posts\/34189\/revisions"}],"predecessor-version":[{"id":34194,"href":"https:\/\/acontecenafronteira.com.br\/index.php\/wp-json\/wp\/v2\/posts\/34189\/revisions\/34194"}],"wp:featuredmedia":[{"embeddable":true,"href":"https:\/\/acontecenafronteira.com.br\/index.php\/wp-json\/wp\/v2\/media\/34195"}],"wp:attachment":[{"href":"https:\/\/acontecenafronteira.com.br\/index.php\/wp-json\/wp\/v2\/media?parent=34189"}],"wp:term":[{"taxonomy":"category","embeddable":true,"href":"https:\/\/acontecenafronteira.com.br\/index.php\/wp-json\/wp\/v2\/categories?post=34189"},{"taxonomy":"post_tag","embeddable":true,"href":"https:\/\/acontecenafronteira.com.br\/index.php\/wp-json\/wp\/v2\/tags?post=34189"}],"curies":[{"name":"wp","href":"https:\/\/api.w.org\/{rel}","templated":true}]}}