{"id":34188,"date":"2026-09-03T01:36:09","date_gmt":"2026-09-03T04:36:09","guid":{"rendered":"https:\/\/acontecenafronteira.com.br\/?p=34188"},"modified":"2026-09-03T01:36:09","modified_gmt":"2026-09-03T04:36:09","slug":"el-nino-historico-provoca-tempestades-simultaneas-no-pacifico","status":"publish","type":"post","link":"https:\/\/acontecenafronteira.com.br\/index.php\/2026\/09\/03\/el-nino-historico-provoca-tempestades-simultaneas-no-pacifico\/","title":{"rendered":"El Ni\u00f1o hist\u00f3rico provoca tempestades simult\u00e2neas no Pac\u00edfico"},"content":{"rendered":"<p>O Oceano Pac\u00edfico registra um evento clim\u00e1tico at\u00edpico com a movimenta\u00e7\u00e3o simult\u00e2nea de duas tempestades de grande intensidade e um sistema tropical que ganha for\u00e7a rapidamente, impulsionados pelo forte aquecimento das \u00e1guas provocado pelo fen\u00f4meno El Ni\u00f1o.<\/p>\n<h2>A for\u00e7a dos furac\u00f5es Lowell e Karina<\/h2>\n<p>Enquanto se deslocam em dire\u00e7\u00e3o oeste, o furac\u00e3o Lowell alcan\u00e7ou a categoria m\u00e1xima 5 na escala Saffir-Simpson, seguido de perto pelo furac\u00e3o Karina, classificado na categoria 4. De acordo com o Centro Nacional de Furac\u00f5es dos Estados Unidos (NHC), a previs\u00e3o indica que ambos os sistemas devem seguir trajet\u00f3rias distantes da costa do Hava\u00ed.<\/p>\n<p>Apesar de passarem longe da terra firme, o NHC alerta que as ondas geradas pelo sistema Lowell avan\u00e7am em dire\u00e7\u00e3o ao norte e devem atingir o litoral havaiano nos pr\u00f3ximos dias, gerando fortes correntes e riscos para banhistas e embarca\u00e7\u00f5es. Logo atr\u00e1s dos dois gigantes, a tempestade tropical Marie avan\u00e7a a centenas de quil\u00f4metros da costa do M\u00e9xico com expectativa de r\u00e1pida intensifica\u00e7\u00e3o.<\/p>\n<h2>O impacto do El Ni\u00f1o na atmosfera<\/h2>\n<p>Especialistas apontam que a sequ\u00eancia tripla de eventos meteorol\u00f3gicos extremos \u00e9 um acontecimento incomum. O aquecimento anormal das \u00e1guas oce\u00e2nicas fornece a energia necess\u00e1ria para a forma\u00e7\u00e3o e o crescimento acelerado desses fen\u00f4menos.<\/p>\n<p>A Administra\u00e7\u00e3o Nacional Oce\u00e2nica e Atmosf\u00e9rica dos Estados Unidos (NOAA) calcula que o ciclo atual apresenta uma probabilidade de 69% de se consolidar como o mais intenso j\u00e1 documentado na hist\u00f3ria recente.<\/p>\n<p>O El Ni\u00f1o manifesta-se em intervalos que variam de dois a sete anos, caracterizando-se pelo enfraquecimento dos ventos al\u00edsios. Esse enfraquecimento permite que o volume de \u00e1gua aquecida acumulada no Pac\u00edfico Ocidental flua em dire\u00e7\u00e3o ao leste, alterando o padr\u00e3o t\u00e9rmico da superf\u00edcie. Quando essas temperaturas elevadas persistem por v\u00e1rios meses, o resultado \u00e9 o aumento expressivo na frequ\u00eancia de tempestades com reflexos diretos em todo o sistema clim\u00e1tico global.<\/p>\n<p>Por Reda\u00e7\u00e3o Acontece<\/p>\n<p>Imagem de sat\u00e9lite mostra a proximidade entre os furac\u00f5es Lowell e Karina no Pac\u00edfico \/ NOAA\/AFP<\/p>\n","protected":false},"excerpt":{"rendered":"<p>O Oceano Pac\u00edfico registra um evento clim\u00e1tico at\u00edpico com a movimenta\u00e7\u00e3o simult\u00e2nea de duas tempestades de grande intensidade e um sistema tropical que ganha for\u00e7a rapidamente, impulsionados pelo forte aquecimento das \u00e1guas provocado pelo fen\u00f4meno El Ni\u00f1o. A for\u00e7a dos furac\u00f5es Lowell e Karina Enquanto se deslocam em dire\u00e7\u00e3o oeste, o furac\u00e3o Lowell alcan\u00e7ou a [&hellip;]<\/p>\n","protected":false},"author":0,"featured_media":34193,"comment_status":"open","ping_status":"open","sticky":false,"template":"","format":"standard","meta":{"footnotes":""},"categories":[28],"tags":[],"class_list":["post-34188","post","type-post","status-publish","format-standard","has-post-thumbnail","hentry","category-mundo"],"_links":{"self":[{"href":"https:\/\/acontecenafronteira.com.br\/index.php\/wp-json\/wp\/v2\/posts\/34188","targetHints":{"allow":["GET"]}}],"collection":[{"href":"https:\/\/acontecenafronteira.com.br\/index.php\/wp-json\/wp\/v2\/posts"}],"about":[{"href":"https:\/\/acontecenafronteira.com.br\/index.php\/wp-json\/wp\/v2\/types\/post"}],"replies":[{"embeddable":true,"href":"https:\/\/acontecenafronteira.com.br\/index.php\/wp-json\/wp\/v2\/comments?post=34188"}],"version-history":[{"count":1,"href":"https:\/\/acontecenafronteira.com.br\/index.php\/wp-json\/wp\/v2\/posts\/34188\/revisions"}],"predecessor-version":[{"id":34192,"href":"https:\/\/acontecenafronteira.com.br\/index.php\/wp-json\/wp\/v2\/posts\/34188\/revisions\/34192"}],"wp:featuredmedia":[{"embeddable":true,"href":"https:\/\/acontecenafronteira.com.br\/index.php\/wp-json\/wp\/v2\/media\/34193"}],"wp:attachment":[{"href":"https:\/\/acontecenafronteira.com.br\/index.php\/wp-json\/wp\/v2\/media?parent=34188"}],"wp:term":[{"taxonomy":"category","embeddable":true,"href":"https:\/\/acontecenafronteira.com.br\/index.php\/wp-json\/wp\/v2\/categories?post=34188"},{"taxonomy":"post_tag","embeddable":true,"href":"https:\/\/acontecenafronteira.com.br\/index.php\/wp-json\/wp\/v2\/tags?post=34188"}],"curies":[{"name":"wp","href":"https:\/\/api.w.org\/{rel}","templated":true}]}}