{"id":34177,"date":"2026-09-03T00:37:08","date_gmt":"2026-09-03T03:37:08","guid":{"rendered":"https:\/\/acontecenafronteira.com.br\/?p=34177"},"modified":"2026-09-03T00:37:08","modified_gmt":"2026-09-03T03:37:08","slug":"bem-estar-animal-na-pecuaria-comeca-com-nutricao-adequada-no-cocho","status":"publish","type":"post","link":"https:\/\/acontecenafronteira.com.br\/index.php\/2026\/09\/03\/bem-estar-animal-na-pecuaria-comeca-com-nutricao-adequada-no-cocho\/","title":{"rendered":"Bem-estar animal na pecu\u00e1ria come\u00e7a com nutri\u00e7\u00e3o adequada no cocho"},"content":{"rendered":"<p>O conceito de bem-estar na pecu\u00e1ria moderna ultrapassa a simples aus\u00eancia de crueldade ou um manejo sem dor. Especialistas apontam que o verdadeiro equil\u00edbrio do rebanho bovino tem in\u00edcio diretamente no cocho, transformando a alimenta\u00e7\u00e3o na base fundamental para a sa\u00fade f\u00edsica, mental e emocional dos animais.<\/p>\n<h2>A import\u00e2ncia do r\u00famen na digest\u00e3o<\/h2>\n<p>De acordo com Edvaldo Geraldo J\u00fanior, docente de Medicina Veterin\u00e1ria do Centro Universit\u00e1rio FAG, fornecer uma dieta personalizada para cada categoria animal \u00e9 indispens\u00e1vel para assegurar o funcionamento correto do r\u00famen e fortalecer o sistema imunol\u00f3gico.<\/p>\n<p>Considerado o cora\u00e7\u00e3o da digest\u00e3o dos ruminantes, o r\u00famen atua como uma c\u00e2mara de fermenta\u00e7\u00e3o natural. O local abriga milh\u00f5es de microrganismos, incluindo bact\u00e9rias, fungos e protozo\u00e1rios, que realizam a quebra de alimentos fibrosos como capim e feno, liberando \u00e1cidos graxos vol\u00e1teis que servem de energia.<\/p>\n<h2>Sinais de desequil\u00edbrio alimentar<\/h2>\n<p>Quando a dieta apresenta falhas, os animais demonstram alertas sutis. Redu\u00e7\u00e3o na rumina\u00e7\u00e3o, inquieta\u00e7\u00e3o e emiss\u00e3o excessiva de mugidos s\u00e3o os primeiros ind\u00edcios de que o manejo nutricional precisa de revis\u00e3o.<\/p>\n<p>Em vacas de leite, o balan\u00e7o energ\u00e9tico negativo eleva o cortisol, enfraquece a imunidade e compromete a reprodu\u00e7\u00e3o. J\u00e1 no gado de corte, o desconforto gera animais mais temperamentais, propensos a romper cercas e ingerir plantas t\u00f3xicas, resultando em menor longevidade e queda geral na produtividade.<\/p>\n<h2>Os seis pilares da alimenta\u00e7\u00e3o bovina<\/h2>\n<p>A formula\u00e7\u00e3o da dieta exige aten\u00e7\u00e3o a nutrientes fundamentais. A <strong>\u00e1gua<\/strong> lidera como o elemento mais vital para todas as fun\u00e7\u00f5es do organismo. Os <strong>carboidratos fibrosos<\/strong> garantem a sa\u00fade ruminal, enquanto os <strong>carboidratos n\u00e3o fibrosos<\/strong> injetam energia r\u00e1pida, embora o excesso possa desencadear acidose e timpanismo.<\/p>\n<p>O card\u00e1pio se completa com <strong>prote\u00ednas<\/strong> para o crescimento e forma\u00e7\u00e3o de tecidos, <strong>lip\u00eddios<\/strong> para densidade energ\u00e9tica e um grupo essencial de <strong>minerais e vitaminas<\/strong> que regulam o metabolismo e evitam dist\u00farbios como a hipocalcemia.<\/p>\n<h2>Desafios distintos para corte e leite<\/h2>\n<p>As exig\u00eancias metab\u00f3licas variam conforme a finalidade do rebanho. O metabolismo de uma vaca leiteira assemelha-se ao de um atleta de alto rendimento, exigindo precis\u00e3o absoluta. No gado de corte, o foco divide-se entre as fases de cria, recria e engorda, adaptando a suplementa\u00e7\u00e3o para transformar pastagem em carne de qualidade.<\/p>\n<p>Patologias como acidose ruminal, laminite e hipocalcemia exemplificam como erros nutricionais danificam a qualidade de vida do rebanho, provocando dores cr\u00f4nicas, queda na fertilidade e preju\u00edzos econ\u00f4micos expressivos.<\/p>\n<p>Por fim, a aten\u00e7\u00e3o do produtor aos detalhes di\u00e1rios consolida uma pecu\u00e1ria mais sustent\u00e1vel e \u00e9tica. Como resume o criador Geraldo Dalmoro, o bem-estar reflete diretamente no desempenho: se o animal est\u00e1 bem nutrido e confort\u00e1vel, a produ\u00e7\u00e3o e a reprodu\u00e7\u00e3o alcan\u00e7am resultados excelentes.<\/p>\n<p>Por Reda\u00e7\u00e3o Acontece<\/p>\n<p>Divulga\u00e7\u00e3o\/Daniela Dalmoro<\/p>\n","protected":false},"excerpt":{"rendered":"<p>O conceito de bem-estar na pecu\u00e1ria moderna ultrapassa a simples aus\u00eancia de crueldade ou um manejo sem dor. Especialistas apontam que o verdadeiro equil\u00edbrio do rebanho bovino tem in\u00edcio diretamente no cocho, transformando a alimenta\u00e7\u00e3o na base fundamental para a sa\u00fade f\u00edsica, mental e emocional dos animais. A import\u00e2ncia do r\u00famen na digest\u00e3o De acordo [&hellip;]<\/p>\n","protected":false},"author":0,"featured_media":34184,"comment_status":"open","ping_status":"open","sticky":false,"template":"","format":"standard","meta":{"footnotes":""},"categories":[18],"tags":[],"class_list":["post-34177","post","type-post","status-publish","format-standard","has-post-thumbnail","hentry","category-parana"],"_links":{"self":[{"href":"https:\/\/acontecenafronteira.com.br\/index.php\/wp-json\/wp\/v2\/posts\/34177","targetHints":{"allow":["GET"]}}],"collection":[{"href":"https:\/\/acontecenafronteira.com.br\/index.php\/wp-json\/wp\/v2\/posts"}],"about":[{"href":"https:\/\/acontecenafronteira.com.br\/index.php\/wp-json\/wp\/v2\/types\/post"}],"replies":[{"embeddable":true,"href":"https:\/\/acontecenafronteira.com.br\/index.php\/wp-json\/wp\/v2\/comments?post=34177"}],"version-history":[{"count":1,"href":"https:\/\/acontecenafronteira.com.br\/index.php\/wp-json\/wp\/v2\/posts\/34177\/revisions"}],"predecessor-version":[{"id":34183,"href":"https:\/\/acontecenafronteira.com.br\/index.php\/wp-json\/wp\/v2\/posts\/34177\/revisions\/34183"}],"wp:featuredmedia":[{"embeddable":true,"href":"https:\/\/acontecenafronteira.com.br\/index.php\/wp-json\/wp\/v2\/media\/34184"}],"wp:attachment":[{"href":"https:\/\/acontecenafronteira.com.br\/index.php\/wp-json\/wp\/v2\/media?parent=34177"}],"wp:term":[{"taxonomy":"category","embeddable":true,"href":"https:\/\/acontecenafronteira.com.br\/index.php\/wp-json\/wp\/v2\/categories?post=34177"},{"taxonomy":"post_tag","embeddable":true,"href":"https:\/\/acontecenafronteira.com.br\/index.php\/wp-json\/wp\/v2\/tags?post=34177"}],"curies":[{"name":"wp","href":"https:\/\/api.w.org\/{rel}","templated":true}]}}