{"id":34175,"date":"2026-09-03T00:36:15","date_gmt":"2026-09-03T03:36:15","guid":{"rendered":"https:\/\/acontecenafronteira.com.br\/?p=34175"},"modified":"2026-09-03T00:36:15","modified_gmt":"2026-09-03T03:36:15","slug":"eleicoes-2026-pr-sergio-moro-explica-ausencia-em-debates","status":"publish","type":"post","link":"https:\/\/acontecenafronteira.com.br\/index.php\/2026\/09\/03\/eleicoes-2026-pr-sergio-moro-explica-ausencia-em-debates\/","title":{"rendered":"Elei\u00e7\u00f5es 2026 PR: Sergio Moro explica aus\u00eancia em debates"},"content":{"rendered":"<p>O candidato ao governo paranaense <b>Sergio Moro<\/b> (PL) revelou que sua aus\u00eancia nos debates promovidos por emissoras de r\u00e1dio e televis\u00e3o faz parte de uma estrat\u00e9gia deliberada de campanha.<\/p>\n<h2>Motiva\u00e7\u00f5es e cr\u00edticas \u00e0 campanha rival<\/h2>\n<p>Em entrevista concedida \u00e0 CNN na \u00faltima quarta-feira (2), o pol\u00edtico argumentou que n\u00e3o h\u00e1 nenhuma oposi\u00e7\u00e3o pessoal ao formato de debates, ressaltando sua presen\u00e7a constante em sabatinas e entrevistas jornal\u00edsticas. No entanto, o candidato justificou o boicote apontando o que chamou de propaganda s\u00f3rdida por parte do grupo governista. Segundo ele, o programa eleitoral advers\u00e1rio iniciou os ataques com inverdades logo no primeiro dia, tornando invi\u00e1vel o confronto direto com oponentes que definiu como desconhecidos e sem hist\u00f3rico pol\u00edtico relevante.<\/p>\n<h2>Futuro dos debates e agenda pol\u00edtica<\/h2>\n<p>Questionado sobre a possibilidade de comparecer aos pr\u00f3ximos encontros entre os candidatos ao Pal\u00e1cio Igua\u00e7u, o representante do PL manteve o mist\u00e9rio e garantiu que avaliar\u00e1 a situa\u00e7\u00e3o oportunamente.<\/p>\n<p>Enquanto define os pr\u00f3ximos passos de sua participa\u00e7\u00e3o midi\u00e1tica, a agenda oficial de campanha do postulante ao executivo estadual incluiu a produ\u00e7\u00e3o de conte\u00fados para o hor\u00e1rio gratuito de r\u00e1dio e TV, al\u00e9m de caminhadas pelo com\u00e9rcio central de Paranagu\u00e1.<\/p>\n<h2>Panorama das Elei\u00e7\u00f5es 2026 no Paran\u00e1<\/h2>\n<p>Oficialmente iniciada em 16 de agosto em todo o territ\u00f3rio nacional, a corrida eleitoral autoriza a busca por sufr\u00e1gios, realiza\u00e7\u00e3o de com\u00edcios, carreatas e a difus\u00e3o de propostas nas plataformas digitais e tradicionais, sob a fiscaliza\u00e7\u00e3o da Justi\u00e7a Eleitoral.<\/p>\n<p>O pleito estadual conta com oito postulantes registrados formalmente pelos partidos para a chefia do governo paranaense: <b>Adriano Teixeira<\/b> (PCO), <b>Alexandre Salom\u00e3o<\/b> (Mobiliza), <b>Luiz Fran\u00e7a<\/b> (Miss\u00e3o), <b>Requi\u00e3o Filho<\/b> (PDT), <b>Samuel Mattos<\/b> (PSTU), <b>Sandro Alex<\/b> (PSD), <b>S\u00e9rgio Moro<\/b> (PL) e <b>Tayn\u00e1 Miessa<\/b> (UP).<\/p>\n<p>A vota\u00e7\u00e3o em primeiro turno est\u00e1 agendada para o dia 4 de outubro, enquanto um eventual segundo turno ocorrer\u00e1 em 25 de outubro de 2026.<\/p>\n<p>Por Reda\u00e7\u00e3o Acontece<\/p>\n<p>Waldemir Barreto\/Ag\u00eancia Senado<\/p>\n","protected":false},"excerpt":{"rendered":"<p>O candidato ao governo paranaense Sergio Moro (PL) revelou que sua aus\u00eancia nos debates promovidos por emissoras de r\u00e1dio e televis\u00e3o faz parte de uma estrat\u00e9gia deliberada de campanha. Motiva\u00e7\u00f5es e cr\u00edticas \u00e0 campanha rival Em entrevista concedida \u00e0 CNN na \u00faltima quarta-feira (2), o pol\u00edtico argumentou que n\u00e3o h\u00e1 nenhuma oposi\u00e7\u00e3o pessoal ao formato [&hellip;]<\/p>\n","protected":false},"author":0,"featured_media":34180,"comment_status":"open","ping_status":"open","sticky":false,"template":"","format":"standard","meta":{"footnotes":""},"categories":[18],"tags":[],"class_list":["post-34175","post","type-post","status-publish","format-standard","has-post-thumbnail","hentry","category-parana"],"_links":{"self":[{"href":"https:\/\/acontecenafronteira.com.br\/index.php\/wp-json\/wp\/v2\/posts\/34175","targetHints":{"allow":["GET"]}}],"collection":[{"href":"https:\/\/acontecenafronteira.com.br\/index.php\/wp-json\/wp\/v2\/posts"}],"about":[{"href":"https:\/\/acontecenafronteira.com.br\/index.php\/wp-json\/wp\/v2\/types\/post"}],"replies":[{"embeddable":true,"href":"https:\/\/acontecenafronteira.com.br\/index.php\/wp-json\/wp\/v2\/comments?post=34175"}],"version-history":[{"count":1,"href":"https:\/\/acontecenafronteira.com.br\/index.php\/wp-json\/wp\/v2\/posts\/34175\/revisions"}],"predecessor-version":[{"id":34179,"href":"https:\/\/acontecenafronteira.com.br\/index.php\/wp-json\/wp\/v2\/posts\/34175\/revisions\/34179"}],"wp:featuredmedia":[{"embeddable":true,"href":"https:\/\/acontecenafronteira.com.br\/index.php\/wp-json\/wp\/v2\/media\/34180"}],"wp:attachment":[{"href":"https:\/\/acontecenafronteira.com.br\/index.php\/wp-json\/wp\/v2\/media?parent=34175"}],"wp:term":[{"taxonomy":"category","embeddable":true,"href":"https:\/\/acontecenafronteira.com.br\/index.php\/wp-json\/wp\/v2\/categories?post=34175"},{"taxonomy":"post_tag","embeddable":true,"href":"https:\/\/acontecenafronteira.com.br\/index.php\/wp-json\/wp\/v2\/tags?post=34175"}],"curies":[{"name":"wp","href":"https:\/\/api.w.org\/{rel}","templated":true}]}}